{"id":19152,"date":"2007-09-05T20:43:02","date_gmt":"2007-09-05T20:43:02","guid":{"rendered":"https:\/\/obscom.intervozes.org.br\/wordpress\/?p=19152"},"modified":"2007-09-05T20:43:02","modified_gmt":"2007-09-05T20:43:02","slug":"etica-presuncao-de-inocencia-e-privacidade","status":"publish","type":"post","link":"https:\/\/obscom.intervozes.org.br\/?p=19152","title":{"rendered":"\u00c9tica, presun\u00e7\u00e3o de inoc\u00eancia e privacidade"},"content":{"rendered":"<p>O novo C&oacute;digo de &Eacute;tica dos Jornalistas &ndash; aprovado no Congresso Nacional Extraordin&aacute;rio dos Jornalistas, realizado em Vit&oacute;ria, de 3 a 5 de agosto &ndash;, a recente transforma&ccedil;&atilde;o dos acusados do &quot;mensal&atilde;o&quot; em r&eacute;us pelo Supremo Tribunal Federal, e a divulga&ccedil;&atilde;o de a&ccedil;&otilde;es privadas de alguns dos ju&iacute;zes recolocaram na ordem do dia a cobertura que a grande m&iacute;dia fez &ndash; e continua a fazer &ndash; da crise pol&iacute;tica iniciada a partir das evid&ecirc;ncias de corrup&ccedil;&atilde;o nos Correios, reveladas pela revista Veja e pelo Jornal Nacional em maio de 2005.<\/p>\n<p>As altera&ccedil;&otilde;es no C&oacute;digo de &Eacute;tica ratificaram a presun&ccedil;&atilde;o de inoc&ecirc;ncia como um dos fundamentos da profiss&atilde;o. O novo c&oacute;digo refor&ccedil;a o preceito constitucional de que qualquer pessoa &eacute; inocente at&eacute; prova em contr&aacute;rio, com o objetivo de &quot;coibir a a&ccedil;&atilde;o de meios de comunica&ccedil;&atilde;o que, em sua cobertura jornal&iacute;stica, denunciam, julgam e submetem pessoas &agrave; execra&ccedil;&atilde;o p&uacute;blica. Isto &eacute; crime, mas muitas vezes sequer o direito de resposta &eacute; concedido aos denunciados&quot;.<\/p>\n<p>Por outro lado, a recep&ccedil;&atilde;o pelo STF de boa parte das den&uacute;ncias feitas pelo procurador-geral da Rep&uacute;blica &eacute; celebrada quase unanimemente como uma esp&eacute;cie de aval tardio &agrave; cobertura que tem sido realizada, eximindo jornalistas e empresas de m&iacute;dia de qualquer responsabilidade por julgamentos e condena&ccedil;&otilde;es antecipadas, excessos ou omiss&otilde;es. &Eacute; como se a pr&aacute;tica do jornalismo pairasse acima de certas garantias constitucionais.<\/p>\n<p>E mais: a divulga&ccedil;&atilde;o de atos privados de ju&iacute;zes &ndash; sejam eles correspond&ecirc;ncia eletr&ocirc;nica ou conversa telef&ocirc;nica &ndash; tem sido justificada como dever e obriga&ccedil;&atilde;o do jornalista.<\/p>\n<p><strong>&quot;Lerdeza corporativista&quot;<\/p>\n<p><\/strong>Por que n&atilde;o se aplicaria ao jornalista o princ&iacute;pio da presun&ccedil;&atilde;o de inoc&ecirc;ncia, que tem sua origem na Revolu&ccedil;&atilde;o Francesa e est&aacute; consagrado na Constitui&ccedil;&atilde;o de 1988? O texto constitucional diz, no seu art. 5&ordm;, inciso LVII: &quot;Ningu&eacute;m ser&aacute; considerado culpado at&eacute; o tr&acirc;nsito em julgado de senten&ccedil;a penal condenat&oacute;ria&quot;.<\/p>\n<p>N&atilde;o seria a obedi&ecirc;ncia a este princ&iacute;pio dever elementar de qualquer cidad&atilde;o e, sobretudo, dos jornalistas, independente das informa&ccedil;&otilde;es que obtiver e de sua convic&ccedil;&atilde;o pessoal? <\/p>\n<p>A possibilidade de que, em data futura, a presun&ccedil;&atilde;o de culpa venha, eventualmente, a se confirmar correta prevalece sobre o direito dos acusados de serem tratados como inocentes at&eacute; que a Justi&ccedil;a prove o contr&aacute;rio?<\/p>\n<p>Quando se estaria colocando em risco a garantia da privacidade individual em nome da liberdade de imprensa?<\/p>\n<p>N&atilde;o h&aacute; d&uacute;vida de que boa parte da nossa grande m&iacute;dia opera como se alguns dos princ&iacute;pios que valem para os cidad&atilde;os comuns n&atilde;o se aplicassem a ela.<\/p>\n<p>Um bom exemplo &eacute; o texto &quot;Opini&atilde;o&quot; publicado pelo jornal O Globo, ainda em 12 de agosto de 2006, durante a campanha eleitoral. O minieditorial com o t&iacute;tulo &quot;Coer&ecirc;ncia&quot; ironizava a posi&ccedil;&atilde;o do Partido dos Trabalhadores em rela&ccedil;&atilde;o aos parlamentares de v&aacute;rios partidos suspeitos de participar na venda fraudulenta de ambul&acirc;ncias. <\/p>\n<p><em>&quot;N&atilde;o se pode acusar o PT de incoer&ecirc;ncia: se protege mensaleiros, tamb&eacute;m acolhe sanguessugas. Sempre com o argumento maroto de que &eacute; preciso esperar o julgamento final&quot;.<\/em><\/p>\n<p>Segundo o texto, o argumento do PT era &quot;maroto&quot; &ndash; isto &eacute;, malandro, velhaco &ndash; porque &quot;o julgamento pol&iacute;tico e &eacute;tico n&atilde;o se confunde com o veredicto da Justi&ccedil;a&quot; e, na verdade, a esperan&ccedil;a do PT era que &quot;mensaleiros e sanguessugas sejam salvos pela lerdeza corporativista do Congresso e por chicanas jur&iacute;dicas&quot;.<\/p>\n<p><strong>H&aacute; limites?<\/p>\n<p><\/strong>Se essa &eacute; a postura editorial do Globo, que implica&ccedil;&otilde;es ela teria na cobertura pol&iacute;tica que oferece desses fatos aos seus leitores? Qual &eacute; exatamente a diferen&ccedil;a entre os julgamentos pol&iacute;ticos e &eacute;ticos e o veredicto da Justi&ccedil;a? Quais seriam os f&oacute;runs apropriados para que os julgamentos pol&iacute;ticos e &eacute;ticos sejam feitos? E quem os faz? Quais os mecanismos de defesa dispon&iacute;veis para aqueles que sofrem antecipadamente o julgamento pol&iacute;tico e &eacute;tico na m&iacute;dia?<\/p>\n<p>&Eacute; preciso que fique claro que a observa&ccedil;&atilde;o cr&iacute;tica democr&aacute;tica que se faz da cobertura da m&iacute;dia sobre determinados fatos n&atilde;o pode ser necessariamente confundida com a nega&ccedil;&atilde;o de sua exist&ecirc;ncia ou com uma posi&ccedil;&atilde;o pr&eacute;via sobre eles. <\/p>\n<p>Por outro lado, no clima de polariza&ccedil;&atilde;o irracional de posi&ccedil;&otilde;es que o debate sobre o papel da grande m&iacute;dia acaba sendo realizado (a quem interessa essa polariza&ccedil;&atilde;o?) &eacute; preciso que n&atilde;o se confunda a liberdade de imprensa e a responsabilidade do jornalismo em oferecer a cobertura dos fatos com uma carta branca para se colocar acima dos direitos e garantias individuais.<\/p>\n<p>Existe algum limite para a atua&ccedil;&atilde;o dos jornalistas e do jornalismo? No campo da observa&ccedil;&atilde;o da m&iacute;dia, essa &eacute; a discuss&atilde;o que se coloca e precisa ser democraticamente enfrentada. <\/p>\n<p><font size=\"3\"><img loading=\"lazy\" decoding=\"async\" src=\"images\/stories\/politica_publicacoes\/c_invertido_pq.png\" alt=\"Active Image\" width=\"15\" height=\"15\" \/>&nbsp;<\/font>Observat&oacute;rio da Imprensa<\/p>\n","protected":false},"excerpt":{"rendered":"<p>O novo C&oacute;digo de &Eacute;tica dos Jornalistas &ndash; aprovado no Congresso Nacional Extraordin&aacute;rio dos Jornalistas, realizado em Vit&oacute;ria, de 3 a 5 de agosto &ndash;, a recente transforma&ccedil;&atilde;o dos acusados do &quot;mensal&atilde;o&quot; em r&eacute;us pelo Supremo Tribunal Federal, e a divulga&ccedil;&atilde;o de a&ccedil;&otilde;es privadas de alguns dos ju&iacute;zes recolocaram na ordem do dia a cobertura &hellip; <a href=\"https:\/\/obscom.intervozes.org.br\/?p=19152\" class=\"more-link\">Continue lendo <span class=\"screen-reader-text\">\u00c9tica, presun\u00e7\u00e3o de inoc\u00eancia e privacidade<\/span> <span class=\"meta-nav\">&rarr;<\/span><\/a><\/p>\n","protected":false},"author":1,"featured_media":0,"comment_status":"open","ping_status":"open","sticky":false,"template":"","format":"standard","meta":{"footnotes":""},"categories":[42],"tags":[53],"_links":{"self":[{"href":"https:\/\/obscom.intervozes.org.br\/index.php?rest_route=\/wp\/v2\/posts\/19152"}],"collection":[{"href":"https:\/\/obscom.intervozes.org.br\/index.php?rest_route=\/wp\/v2\/posts"}],"about":[{"href":"https:\/\/obscom.intervozes.org.br\/index.php?rest_route=\/wp\/v2\/types\/post"}],"author":[{"embeddable":true,"href":"https:\/\/obscom.intervozes.org.br\/index.php?rest_route=\/wp\/v2\/users\/1"}],"replies":[{"embeddable":true,"href":"https:\/\/obscom.intervozes.org.br\/index.php?rest_route=%2Fwp%2Fv2%2Fcomments&post=19152"}],"version-history":[{"count":0,"href":"https:\/\/obscom.intervozes.org.br\/index.php?rest_route=\/wp\/v2\/posts\/19152\/revisions"}],"wp:attachment":[{"href":"https:\/\/obscom.intervozes.org.br\/index.php?rest_route=%2Fwp%2Fv2%2Fmedia&parent=19152"}],"wp:term":[{"taxonomy":"category","embeddable":true,"href":"https:\/\/obscom.intervozes.org.br\/index.php?rest_route=%2Fwp%2Fv2%2Fcategories&post=19152"},{"taxonomy":"post_tag","embeddable":true,"href":"https:\/\/obscom.intervozes.org.br\/index.php?rest_route=%2Fwp%2Fv2%2Ftags&post=19152"}],"curies":[{"name":"wp","href":"https:\/\/api.w.org\/{rel}","templated":true}]}}