{"id":19150,"date":"2007-09-05T18:34:40","date_gmt":"2007-09-05T18:34:40","guid":{"rendered":"https:\/\/obscom.intervozes.org.br\/wordpress\/?p=19150"},"modified":"2014-09-07T02:54:00","modified_gmt":"2014-09-07T02:54:00","slug":"conferencia-e-realizada-sem-participacao-da-sociedade-civil","status":"publish","type":"post","link":"https:\/\/obscom.intervozes.org.br\/?p=19150","title":{"rendered":"&#8216;Confer\u00eancia&#8217; \u00e9 realizada sem participa\u00e7\u00e3o da sociedade civil"},"content":{"rendered":"<p><span>Dois meses ap&oacute;s o Encontro Nacional de Comunica&ccedil;&atilde;o, que reuniu parlamentares e aproximadamente 400 ativistas de organiza&ccedil;&otilde;es da sociedade civil &ndash; e que culminou em uma grande mobiliza&ccedil;&atilde;o em defesa de uma Confer&ecirc;ncia Nacional de Comunica&ccedil;&otilde;es democr&aacute;tica -, o Minist&eacute;rio das Comunica&ccedil;&otilde;es lan&ccedil;ou oficialmente a Confer&ecirc;ncia Nacional Preparat&oacute;ria de Comunica&ccedil;&otilde;es &ldquo;<em>Uma Nova Pol&iacute;tica para a Converg&ecirc;ncia Tecnol&oacute;gica e o Futuro das Comunica&ccedil;&otilde;es<\/em>&rdquo;, a ser realizada entre os dias 17 e 19 de setembro, em Bras&iacute;lia.<\/p>\n<p><\/span><span>Organizada em conjunto com a Anatel &#8211; Ag&ecirc;ncia Nacional de Telecomunica&ccedil;&otilde;es, a Comiss&atilde;o de Ci&ecirc;ncia e Tecnologia, Comunica&ccedil;&atilde;o e Inform&aacute;tica da C&acirc;mara dos Deputados (CCTCI) e a Comiss&atilde;o de Comunica&ccedil;&atilde;o do Senado, a &ldquo;Confer&ecirc;ncia Preparat&oacute;ria&rdquo; se assemelha a um grande semin&aacute;rio, sem car&aacute;ter deliberativo e espa&ccedil;os de discuss&atilde;o, em evidente conflito com as confer&ecirc;ncias de outras &aacute;reas j&aacute; realizadas pelo governo federal, como a da Sa&uacute;de, das Cidades, do Meio-Ambiente, entre outras, em que existem cap&iacute;tulos regionais e locais, elei&ccedil;&otilde;es de delegados e plen&aacute;rias deliberativas.<\/p>\n<p><\/span><span>A not&iacute;cia desta &ldquo;Confer&ecirc;ncia Preparat&oacute;ria&rdquo; causou surpresa aos movimentos que defendem a democratiza&ccedil;&atilde;o das comunica&ccedil;&otilde;es, apesar de sua realiza&ccedil;&atilde;o ter sido anunciada pelo ministro H&eacute;lio Costa pela primeira vez em junho. Assim como na &eacute;poca em que surgiram os primeiros rumores sobre a realiza&ccedil;&atilde;o do evento, permanece a falta e o desencontro de informa&ccedil;&otilde;es. Exatamente por isso, a proposta s&oacute; foi realmente conhecida ap&oacute;s a divulga&ccedil;&atilde;o da programa&ccedil;&atilde;o. Al&eacute;m disso, nenhum dos proponentes se disp&ocirc;s a explicar o significado do termo &ldquo;preparat&oacute;ria&rdquo; que consta do t&iacute;tulo do evento. &ldquo;Preparat&oacute;ria para qu&ecirc;? Para uma confer&ecirc;ncia realmente democr&aacute;tica, com a participa&ccedil;&atilde;o da sociedade civil? Ent&atilde;o por que o governo n&atilde;o inicia o processo de convoca&ccedil;&atilde;o?&rdquo;, pergunta Br&aacute;ulio Ribeiro, da coordena&ccedil;&atilde;o do Intervozes.<\/p>\n<p><\/span><span>O tema do evento causou questionamentos na sociedade civil organizada. Agustino Veit, coordenador da Campanha pela &Eacute;tica na TV &ldquo;Quem financia a baixaria &eacute; contra cidadania&rdquo; da Comiss&atilde;o de Direitos Humanos e Minorias da C&acirc;mara, acredita que este evento &eacute; mais um semin&aacute;rio de car&aacute;ter empresarial, sem a discuss&atilde;o das quest&otilde;es mais importantes para a garantia do direito humano &agrave; comunica&ccedil;&atilde;o. &ldquo;N&atilde;o &eacute; a iniciativa que desejamos. Devemos participar para aumentar o debate e mostrar que queremos um evento de outro car&aacute;ter&rdquo;, disse. Fernando Paulino, do LapCom da Universidade de Bras&iacute;lia, uma das duas entidades n&atilde;o empresariais presentes na programa&ccedil;&atilde;o, tamb&eacute;m aponta a realiza&ccedil;&atilde;o da iniciativa como mais um acontecimento e ressalta a import&acirc;ncia das entidades &quot;se manterem mobilizadas para a constru&ccedil;&atilde;o de uma ampla Confer&ecirc;ncia Nacional de Comunica&ccedil;&otilde;es&quot;.<\/p>\n<p><\/span><span><strong>Limita&ccedil;&atilde;o tem&aacute;tica<\/p>\n<p><\/strong><\/span><span>Apesar de n&atilde;o prever espa&ccedil;os para formula&ccedil;&atilde;o e debate mais aprofundado, o Minicom e a CCTCI da C&acirc;mara dos Deputados t&ecirc;m a inten&ccedil;&atilde;o de utilizar o evento para apontar algumas altera&ccedil;&otilde;es no marco regulat&oacute;rio das comunica&ccedil;&otilde;es, em especial nos aspectos relacionados &agrave; TV paga. Tais propostas j&aacute; est&atilde;o sendo costuradas pelo deputado Jorge Bittar (PT-RJ), relator dos projetos acerca do tema atualmente em tramita&ccedil;&atilde;o na C&acirc;mara. <\/p>\n<p><\/span><span>Diante da possibilidade de que as defini&ccedil;&otilde;es aconte&ccedil;am sem a efetiva participa&ccedil;&atilde;o da sociedade civil, a deputada Luiza Erundina (PSB-SP) ressalta a necessidade de que uma verdadeira Confer&ecirc;ncia democr&aacute;tica aconte&ccedil;a em breve. &ldquo;Acredito que ela ser&aacute; realizada, sim, porque a sociedade civil come&ccedil;a a acumular for&ccedil;as. Meu receio &eacute; que isso s&oacute; aconte&ccedil;a depois da implementa&ccedil;&atilde;o da TV digital&rdquo;, afirma a parlamentar. &ldquo;A pr&oacute;pria CCTCI, que fomentou todo o processo de debates sobre comunica&ccedil;&atilde;o, n&atilde;o estar&aacute; presente nesta Confer&ecirc;ncia Preparat&oacute;ria&rdquo;.<\/p>\n<p><\/span><span><strong>Governo e empres&aacute;rios<\/p>\n<p><\/strong><\/span><span>As quest&otilde;es acerca da converg&ecirc;ncia tecnol&oacute;gica se sobrep&otilde;em aos outros temas nos tr&ecirc;s dias de debates, em que apenas a Universidade de Bras&iacute;lia e o F&oacute;rum Nacional pela Democratiza&ccedil;&atilde;o da Comunica&ccedil;&atilde;o (FNDC) representar&atilde;o a sociedade civil. &Oacute;rg&atilde;os do governo brasileiro e de v&aacute;rios outros pa&iacute;ses, al&eacute;m de entidades de radiodifusores e das empresas de telecomunica&ccedil;&otilde;es completam as mesas de programa&ccedil;&atilde;o. Em alguns casos, a mesma entidade empresarial est&aacute; presente em diferentes mesas de debates, como &eacute; o caso da Associa&ccedil;&atilde;o Brasileira de Emissoras de R&aacute;dio e Televis&atilde;o (Abert) que, apesar de representar diversas emissoras, &eacute; o bra&ccedil;o pol&iacute;tico das Organiza&ccedil;&otilde;es Globo.<\/p>\n<p><\/span><span>Para o presidente da CCTCI, Julio Semeghini (PSDB-SP), por ser muito amplo, o debate sobre comunica&ccedil;&atilde;o n&atilde;o pode ser realizado de uma s&oacute; vez, por isso seria fundamental a realiza&ccedil;&atilde;o deste evento preparat&oacute;rio que, na vis&atilde;o dele, tamb&eacute;m servir&aacute; para auxiliar a Comiss&atilde;o na constru&ccedil;&atilde;o dos projetos de leis propostos pelos parlamentares. &quot;Na minha opini&atilde;o, &eacute; uma prepara&ccedil;&atilde;o para uma Confer&ecirc;ncia mais ampla, mas ainda n&atilde;o est&aacute; claro se o governo tem mesmo a inten&ccedil;&atilde;o de convoc&aacute;-la&quot;, afirma o parlamentar.<\/p>\n<p><\/span><span>Em rela&ccedil;&atilde;o &agrave; organiza&ccedil;&atilde;o da Confer&ecirc;ncia Preparat&oacute;ria, ainda que a iniciativa seja formalmente do Minicom, do Congresso e da Anatel, ningu&eacute;m assume sua paternidade. O pr&oacute;prio Minist&eacute;rio das Comunica&ccedil;&otilde;es limitou-se a comentar que a assessoria da C&acirc;mara &eacute; quem est&aacute; atendendo a imprensa. <\/p>\n<p><\/span><span>A respeito da Confer&ecirc;ncia Nacional que, sup&otilde;e-se, vir&aacute; em seguida ao evento de setembro, tamb&eacute;m n&atilde;o h&aacute; defini&ccedil;&otilde;es. Apesar do Minicom ter afirmado ao FNDC que estava comprometido com sua realiza&ccedil;&atilde;o (ver mat&eacute;ria), at&eacute; o momento n&atilde;o h&aacute; qualquer confirma&ccedil;&atilde;o oficial. Na Secretaria-Geral da Presid&ecirc;ncia da Rep&uacute;blica, &oacute;rg&atilde;o do governo respons&aacute;vel pela realiza&ccedil;&atilde;o das confer&ecirc;ncias, tamb&eacute;m n&atilde;o foi poss&iacute;vel obter informa&ccedil;&otilde;es sobre a inten&ccedil;&atilde;o do governo de realiz&aacute;-la, apesar do ministro Luiz Dulci ter recebido recentemente a Comiss&atilde;o Pr&oacute;-Confer&ecirc;ncia.<\/p>\n<p><\/span><span>Indagado sobre a postura da CCTCI em rela&ccedil;&atilde;o &agrave; quest&atilde;o, o deputado J&uacute;lio Semeghini afirmou que se o governo federal decidir por n&atilde;o realizar a Confer&ecirc;ncia, a C&acirc;mara dos Deputados est&aacute; disposta a promov&ecirc;-la em conjunto com a sociedade civil. Resta saber quando isso ocorrer&aacute; e se ainda haver&aacute; tempo para que as decis&otilde;es tomadas democraticamente sejam consideradas na revis&atilde;o do marco regulat&oacute;rio das comunica&ccedil;&otilde;es.<\/span><\/p>\n<p>&nbsp;<\/p>\n<p><span>Para conferir a programa&ccedil;&atilde;o da Confer&ecirc;ncia Preparat&oacute;ria, <a href=\"http:\/\/localhost\/intervozes_direitoacomunicacao\/wordpress\/?p=17984\">clique aqui<\/a> <\/span><\/p>\n<p><img loading=\"lazy\" decoding=\"async\" src=\"images\/stories\/politica_publicacoes\/c_invertido_pq.png\" alt=\"Active Image\" width=\"15\" height=\"15\" \/><\/p>\n","protected":false},"excerpt":{"rendered":"<p>Confer\u00eancia &#8220;Preparat\u00f3ria&#8221; Nacional de Comunica\u00e7\u00f5es ser\u00e1 realizada em setembro no Congresso Nacional. Participa\u00e7\u00e3o maci\u00e7a de empres\u00e1rios e aus\u00eancia da sociedade civil caracterizam a iniciativa, que em nada se parece com as confer\u00eancias j\u00e1 promovidas pelo governo.<\/p>\n","protected":false},"author":1,"featured_media":0,"comment_status":"open","ping_status":"open","sticky":false,"template":"","format":"standard","meta":{"footnotes":""},"categories":[40],"tags":[137],"_links":{"self":[{"href":"https:\/\/obscom.intervozes.org.br\/index.php?rest_route=\/wp\/v2\/posts\/19150"}],"collection":[{"href":"https:\/\/obscom.intervozes.org.br\/index.php?rest_route=\/wp\/v2\/posts"}],"about":[{"href":"https:\/\/obscom.intervozes.org.br\/index.php?rest_route=\/wp\/v2\/types\/post"}],"author":[{"embeddable":true,"href":"https:\/\/obscom.intervozes.org.br\/index.php?rest_route=\/wp\/v2\/users\/1"}],"replies":[{"embeddable":true,"href":"https:\/\/obscom.intervozes.org.br\/index.php?rest_route=%2Fwp%2Fv2%2Fcomments&post=19150"}],"version-history":[{"count":1,"href":"https:\/\/obscom.intervozes.org.br\/index.php?rest_route=\/wp\/v2\/posts\/19150\/revisions"}],"predecessor-version":[{"id":27761,"href":"https:\/\/obscom.intervozes.org.br\/index.php?rest_route=\/wp\/v2\/posts\/19150\/revisions\/27761"}],"wp:attachment":[{"href":"https:\/\/obscom.intervozes.org.br\/index.php?rest_route=%2Fwp%2Fv2%2Fmedia&parent=19150"}],"wp:term":[{"taxonomy":"category","embeddable":true,"href":"https:\/\/obscom.intervozes.org.br\/index.php?rest_route=%2Fwp%2Fv2%2Fcategories&post=19150"},{"taxonomy":"post_tag","embeddable":true,"href":"https:\/\/obscom.intervozes.org.br\/index.php?rest_route=%2Fwp%2Fv2%2Ftags&post=19150"}],"curies":[{"name":"wp","href":"https:\/\/api.w.org\/{rel}","templated":true}]}}