{"id":19149,"date":"2007-09-05T15:57:04","date_gmt":"2007-09-05T15:57:04","guid":{"rendered":"https:\/\/obscom.intervozes.org.br\/wordpress\/?p=19149"},"modified":"2014-09-07T02:53:59","modified_gmt":"2014-09-07T02:53:59","slug":"entidades-aderem-ao-manifesto-por-modelo-democratico-de-gestao-da-nova-tv-publica","status":"publish","type":"post","link":"https:\/\/obscom.intervozes.org.br\/?p=19149","title":{"rendered":"Entidades aderem ao manifesto por modelo democr\u00e1tico de gest\u00e3o da nova TV p\u00fablica"},"content":{"rendered":"<p><span>O manifesto &ldquo;Pela gest&atilde;o democr&aacute;tica da nova TV p&uacute;blica&rdquo;, iniciativa de entidades e organiza&ccedil;&otilde;es da sociedade civil, acaba de receber novas ades&otilde;es. Pautado na necessidade de disputar os rumos da nova TV p&uacute;blica nacional, sobretudo pela defesa de um modelo de gest&atilde;o que garanta sua independ&ecirc;ncia e autonomia, movimentos sociais, centrais sindicais e organiza&ccedil;&otilde;es n&atilde;o governamentais que lutam pela democratiza&ccedil;&atilde;o da comunica&ccedil;&atilde;o se uniram em torno da cr&iacute;tica &agrave; proposta do governo, que prev&ecirc; que o conselho gestor e a diretoria-executiva da emissora sejam indicados pelo presidente da Rep&uacute;blica, sem crit&eacute;rios de representatividade, o que fatalmente colocaria em risco seu car&aacute;ter p&uacute;blico.<\/span><span>&nbsp;<\/p>\n<p><\/span><span>As entidades de atua&ccedil;&atilde;o nacional que aderem agora ao manifesto s&atilde;o: CEBES &#8211; Centro Brasileiro de Estudos da Sa&uacute;de e Rede de Mulheres em Comunica&ccedil;&atilde;o. Al&eacute;m delas, as seguintes entidades regionais tamb&eacute;m ap&oacute;iam a iniciativa: Sindicato dos Radialistas do Estado de S&atilde;o Paulo, F&oacute;rum Estadual de Mulheres Negras (SP), Fazendo Media (RJ) e Instituto AMMA Psique e Negritude (SP).<\/span><span>&nbsp;<\/span><span>&nbsp;<\/p>\n<p><\/span><span>Confira o manifesto e a lista geral de assinaturas <a href=\"http:\/\/localhost\/intervozes_direitoacomunicacao\/wordpress\/?p=19041\">clicando aqui<\/a>.<\/span><\/p>\n","protected":false},"excerpt":{"rendered":"<p>O manifesto &ldquo;Pela gest&atilde;o democr&aacute;tica da nova TV p&uacute;blica&rdquo;, iniciativa de entidades e organiza&ccedil;&otilde;es da sociedade civil, acaba de receber novas ades&otilde;es. Pautado na necessidade de disputar os rumos da nova TV p&uacute;blica nacional, sobretudo pela defesa de um modelo de gest&atilde;o que garanta sua independ&ecirc;ncia e autonomia, movimentos sociais, centrais sindicais e organiza&ccedil;&otilde;es n&atilde;o &hellip; <a href=\"https:\/\/obscom.intervozes.org.br\/?p=19149\" class=\"more-link\">Continue lendo <span class=\"screen-reader-text\">Entidades aderem ao manifesto por modelo democr\u00e1tico de gest\u00e3o da nova TV p\u00fablica<\/span> <span class=\"meta-nav\">&rarr;<\/span><\/a><\/p>\n","protected":false},"author":1,"featured_media":0,"comment_status":"open","ping_status":"open","sticky":false,"template":"","format":"standard","meta":{"footnotes":""},"categories":[39],"tags":[],"_links":{"self":[{"href":"https:\/\/obscom.intervozes.org.br\/index.php?rest_route=\/wp\/v2\/posts\/19149"}],"collection":[{"href":"https:\/\/obscom.intervozes.org.br\/index.php?rest_route=\/wp\/v2\/posts"}],"about":[{"href":"https:\/\/obscom.intervozes.org.br\/index.php?rest_route=\/wp\/v2\/types\/post"}],"author":[{"embeddable":true,"href":"https:\/\/obscom.intervozes.org.br\/index.php?rest_route=\/wp\/v2\/users\/1"}],"replies":[{"embeddable":true,"href":"https:\/\/obscom.intervozes.org.br\/index.php?rest_route=%2Fwp%2Fv2%2Fcomments&post=19149"}],"version-history":[{"count":1,"href":"https:\/\/obscom.intervozes.org.br\/index.php?rest_route=\/wp\/v2\/posts\/19149\/revisions"}],"predecessor-version":[{"id":27760,"href":"https:\/\/obscom.intervozes.org.br\/index.php?rest_route=\/wp\/v2\/posts\/19149\/revisions\/27760"}],"wp:attachment":[{"href":"https:\/\/obscom.intervozes.org.br\/index.php?rest_route=%2Fwp%2Fv2%2Fmedia&parent=19149"}],"wp:term":[{"taxonomy":"category","embeddable":true,"href":"https:\/\/obscom.intervozes.org.br\/index.php?rest_route=%2Fwp%2Fv2%2Fcategories&post=19149"},{"taxonomy":"post_tag","embeddable":true,"href":"https:\/\/obscom.intervozes.org.br\/index.php?rest_route=%2Fwp%2Fv2%2Ftags&post=19149"}],"curies":[{"name":"wp","href":"https:\/\/api.w.org\/{rel}","templated":true}]}}