{"id":19144,"date":"2007-09-05T14:37:48","date_gmt":"2007-09-05T14:37:48","guid":{"rendered":"https:\/\/obscom.intervozes.org.br\/wordpress\/?p=19144"},"modified":"2007-09-05T14:37:48","modified_gmt":"2007-09-05T14:37:48","slug":"direitos-autorais-em-cinema-e-musica-serao-discutidos-em-audiencias-publicas","status":"publish","type":"post","link":"https:\/\/obscom.intervozes.org.br\/?p=19144","title":{"rendered":"Direitos autorais em cinema e m\u00fasica ser\u00e3o discutidos em audi\u00eancias p\u00fablicas"},"content":{"rendered":"<p>Com o objetivo de discutir os direitos autorais nas &aacute;reas de cinema e m&uacute;sica, a Comiss&atilde;o de Educa&ccedil;&atilde;o (CE) realizar&aacute; audi&ecirc;ncias p&uacute;blicas no Senado em conjunto com a Subcomiss&atilde;o de Cinema, Teatro, M&uacute;sica e Comunica&ccedil;&atilde;o Social. A CE aprovou, nesta ter&ccedil;a-feira (4), um requerimento com esse objetivo apresentado pelos senadores Fl&aacute;vio Arns (PT-PR), Flexa Ribeiro (PSDB-PA) e Raimundo Colombo (DEM-SC). Tamb&eacute;m ser&aacute; debatida nessas audi&ecirc;ncias, cujas datas ainda ser&atilde;o definidas, a atua&ccedil;&atilde;o do Escrit&oacute;rio Central de Arrecada&ccedil;&atilde;o e Distribui&ccedil;&atilde;o (Ecad). <\/p>\n<p>A quest&atilde;o da cobran&ccedil;a de direitos autorais &eacute; pol&ecirc;mica, como reconhecem os tr&ecirc;s senadores no texto do requerimento. Os parlamentares lembram que, no setor de exibi&ccedil;&atilde;o cinematogr&aacute;fica, os exibidores e produtores alegam que tais direitos s&atilde;o previamente negociados com os compositores das m&uacute;sicas inclu&iacute;das em um produto audiovisual. Dessa forma, a trilha sonora,ao ser incorporada a um filme, deixaria de ser independente, pois se tornaria parte de uma outra obra. Mas o Ecad, que conta com o apoio de parte da comunidade art&iacute;stica, vem tentando cobrar pela execu&ccedil;&atilde;o dessas m&uacute;sicas, obtendo inclusive liminares na Justi&ccedil;a para impor a arrecada&ccedil;&atilde;o. <\/p>\n<p>Essa pol&ecirc;mica se estende ao projeto de lei que pretende disciplinar autoria e exibi&ccedil;&atilde;o p&uacute;blica de obras audiovisuais e cinematogr&aacute;ficas ( PLS 532\/03 ), permitindo, entre outras medidas, o fim da cobran&ccedil;a de direitos autorais sobre a trilha sonora de filmes. A proposi&ccedil;&atilde;o, que tramita noSenado, prev&ecirc; que esses direitos devem ser pagos somente &#39;quando da contrata&ccedil;&atilde;o da produ&ccedil;&atilde;o&#39;. Por causa disso, o Ecad &eacute; contra a proposta, enquanto os exibidores a ap&oacute;iam. <\/p>\n","protected":false},"excerpt":{"rendered":"<p>Com o objetivo de discutir os direitos autorais nas &aacute;reas de cinema e m&uacute;sica, a Comiss&atilde;o de Educa&ccedil;&atilde;o (CE) realizar&aacute; audi&ecirc;ncias p&uacute;blicas no Senado em conjunto com a Subcomiss&atilde;o de Cinema, Teatro, M&uacute;sica e Comunica&ccedil;&atilde;o Social. A CE aprovou, nesta ter&ccedil;a-feira (4), um requerimento com esse objetivo apresentado pelos senadores Fl&aacute;vio Arns (PT-PR), Flexa Ribeiro &hellip; <a href=\"https:\/\/obscom.intervozes.org.br\/?p=19144\" class=\"more-link\">Continue lendo <span class=\"screen-reader-text\">Direitos autorais em cinema e m\u00fasica ser\u00e3o discutidos em audi\u00eancias p\u00fablicas<\/span> <span class=\"meta-nav\">&rarr;<\/span><\/a><\/p>\n","protected":false},"author":1,"featured_media":0,"comment_status":"open","ping_status":"open","sticky":false,"template":"","format":"standard","meta":{"footnotes":""},"categories":[40],"tags":[407],"_links":{"self":[{"href":"https:\/\/obscom.intervozes.org.br\/index.php?rest_route=\/wp\/v2\/posts\/19144"}],"collection":[{"href":"https:\/\/obscom.intervozes.org.br\/index.php?rest_route=\/wp\/v2\/posts"}],"about":[{"href":"https:\/\/obscom.intervozes.org.br\/index.php?rest_route=\/wp\/v2\/types\/post"}],"author":[{"embeddable":true,"href":"https:\/\/obscom.intervozes.org.br\/index.php?rest_route=\/wp\/v2\/users\/1"}],"replies":[{"embeddable":true,"href":"https:\/\/obscom.intervozes.org.br\/index.php?rest_route=%2Fwp%2Fv2%2Fcomments&post=19144"}],"version-history":[{"count":0,"href":"https:\/\/obscom.intervozes.org.br\/index.php?rest_route=\/wp\/v2\/posts\/19144\/revisions"}],"wp:attachment":[{"href":"https:\/\/obscom.intervozes.org.br\/index.php?rest_route=%2Fwp%2Fv2%2Fmedia&parent=19144"}],"wp:term":[{"taxonomy":"category","embeddable":true,"href":"https:\/\/obscom.intervozes.org.br\/index.php?rest_route=%2Fwp%2Fv2%2Fcategories&post=19144"},{"taxonomy":"post_tag","embeddable":true,"href":"https:\/\/obscom.intervozes.org.br\/index.php?rest_route=%2Fwp%2Fv2%2Ftags&post=19144"}],"curies":[{"name":"wp","href":"https:\/\/api.w.org\/{rel}","templated":true}]}}