{"id":19138,"date":"2007-09-04T17:00:46","date_gmt":"2007-09-04T17:00:46","guid":{"rendered":"https:\/\/obscom.intervozes.org.br\/wordpress\/?p=19138"},"modified":"2007-09-04T17:00:46","modified_gmt":"2007-09-04T17:00:46","slug":"ppa-preve-instalacao-de-oito-mil-telecentros-ate-2011","status":"publish","type":"post","link":"https:\/\/obscom.intervozes.org.br\/?p=19138","title":{"rendered":"PPA prev\u00ea instala\u00e7\u00e3o de oito mil telecentros at\u00e9 2011"},"content":{"rendered":"<p><span>A inclus&atilde;o digital ser&aacute; uma das metas priorit&aacute;rias do Governo no Plano Plurianual (PPA) para o per&iacute;odo de 2008 a 2011. O PPA foi entregue ao Congresso na &uacute;ltima sexta-feira, 31 de agosto, pelo ministro do Planejamento, Paulo Bernardo, e prev&ecirc; a aplica&ccedil;&atilde;o total de R$ 3,526 trilh&otilde;es para os pr&oacute;ximos quatro anos.&nbsp;<\/span><span>&nbsp;<\/p>\n<p><\/span><span>O objetivo &eacute;, at&eacute; 2011, instalar oito mil telecentros no pa&iacute;s, al&eacute;m de inserir 20 milh&otilde;es de novos usu&aacute;rios de internet, e atender 134 mil escolas p&uacute;blicas de educa&ccedil;&atilde;o b&aacute;sica com internet banda larga. <\/p>\n<p><\/span><span>As informa&ccedil;&otilde;es&nbsp;s&atilde;o de <span>Luiz Henrique Ferreira, da TeleS&iacute;ntese.<\/span><\/span><\/p>\n","protected":false},"excerpt":{"rendered":"<p>A inclus&atilde;o digital ser&aacute; uma das metas priorit&aacute;rias do Governo no Plano Plurianual (PPA) para o per&iacute;odo de 2008 a 2011. O PPA foi entregue ao Congresso na &uacute;ltima sexta-feira, 31 de agosto, pelo ministro do Planejamento, Paulo Bernardo, e prev&ecirc; a aplica&ccedil;&atilde;o total de R$ 3,526 trilh&otilde;es para os pr&oacute;ximos quatro anos.&nbsp;&nbsp; O objetivo &hellip; <a href=\"https:\/\/obscom.intervozes.org.br\/?p=19138\" class=\"more-link\">Continue lendo <span class=\"screen-reader-text\">PPA prev\u00ea instala\u00e7\u00e3o de oito mil telecentros at\u00e9 2011<\/span> <span class=\"meta-nav\">&rarr;<\/span><\/a><\/p>\n","protected":false},"author":1,"featured_media":0,"comment_status":"open","ping_status":"open","sticky":false,"template":"","format":"standard","meta":{"footnotes":""},"categories":[39],"tags":[],"_links":{"self":[{"href":"https:\/\/obscom.intervozes.org.br\/index.php?rest_route=\/wp\/v2\/posts\/19138"}],"collection":[{"href":"https:\/\/obscom.intervozes.org.br\/index.php?rest_route=\/wp\/v2\/posts"}],"about":[{"href":"https:\/\/obscom.intervozes.org.br\/index.php?rest_route=\/wp\/v2\/types\/post"}],"author":[{"embeddable":true,"href":"https:\/\/obscom.intervozes.org.br\/index.php?rest_route=\/wp\/v2\/users\/1"}],"replies":[{"embeddable":true,"href":"https:\/\/obscom.intervozes.org.br\/index.php?rest_route=%2Fwp%2Fv2%2Fcomments&post=19138"}],"version-history":[{"count":0,"href":"https:\/\/obscom.intervozes.org.br\/index.php?rest_route=\/wp\/v2\/posts\/19138\/revisions"}],"wp:attachment":[{"href":"https:\/\/obscom.intervozes.org.br\/index.php?rest_route=%2Fwp%2Fv2%2Fmedia&parent=19138"}],"wp:term":[{"taxonomy":"category","embeddable":true,"href":"https:\/\/obscom.intervozes.org.br\/index.php?rest_route=%2Fwp%2Fv2%2Fcategories&post=19138"},{"taxonomy":"post_tag","embeddable":true,"href":"https:\/\/obscom.intervozes.org.br\/index.php?rest_route=%2Fwp%2Fv2%2Ftags&post=19138"}],"curies":[{"name":"wp","href":"https:\/\/api.w.org\/{rel}","templated":true}]}}