{"id":19135,"date":"2007-09-04T15:49:38","date_gmt":"2007-09-04T15:49:38","guid":{"rendered":"https:\/\/obscom.intervozes.org.br\/wordpress\/?p=19135"},"modified":"2007-09-04T15:49:38","modified_gmt":"2007-09-04T15:49:38","slug":"cpi-abril-telefonica-deputado-diz-que-nao-tem-como-nao-instalar","status":"publish","type":"post","link":"https:\/\/obscom.intervozes.org.br\/?p=19135","title":{"rendered":"CPI Abril-Telef\u00f4nica: deputado diz que &#8216;n\u00e3o tem como n\u00e3o instalar&#8217;"},"content":{"rendered":"<p>O deputado Luiz Couto (PT-PB), ao contr&aacute;rio das maioria dos parlamentares, que evita falar no assunto, &eacute; enf&aacute;tico: &#39;N&atilde;o retirarei minha assinatura&#39;. Ele &eacute; um dos signat&aacute;rios do requerimento que pede abertura da CPI para investigar den&uacute;ncia de ilegalidade na compra da operadora de TV por assinatura TVA, do Grupo Abril, pela empresa espanhola Telef&ocirc;nica. <\/p>\n<p>Ele admite que ouviu coment&aacute;rios de que haveria um movimento para &#39;abortar&#39; a CPI. &#39;O pr&oacute;prio l&iacute;der do PSDB fez pronunciamento contr&aacute;rio e outras lideran&ccedil;as estariam se movimentando, mas se tem n&uacute;mero regimental de assinaturas e fato determinado, n&atilde;o tem como o Presidente (da C&acirc;mara, Arlindo Chinaglia) n&atilde;o instalar&#39;, afirmou. <\/p>\n<p>&#39;&Eacute; fundamental investigar, para que a verdade possa aparecer. A popula&ccedil;&atilde;o tem direito &agrave; verdade. Ela (CPI) deve ser instalada e ter o trabalho aprofundado para se saber o que est&aacute; acontecendo, se houve falcatrua&#39;, diz o parlamentar petista. <\/p>\n<p>Couto afasta a possibilidade de haver influ&ecirc;ncia do presidente do Senado, Renan Calheiros (PMDB-AL) no pedido da CPI. &#39;N&atilde;o &eacute; retalia&ccedil;&atilde;o, vamos fazer isso aqui independente dessa quest&atilde;o&#39;, garante o parlamentar. <\/p>\n<p><strong>Expectativa <\/p>\n<p><\/strong>A expectativa &eacute; de que se aguarde o desfecho do caso Renan no Senado para que seja instalada a CPI. Com isso, afastaria a possibilidade de &#39;contamina&ccedil;&atilde;o&#39;, como diz o l&iacute;der do PSOL, Chico Alencar (RJ), nas investiga&ccedil;&otilde;es. <\/p>\n<p>Na semana passada, o conselheiro Ant&ocirc;nio Bedran, da Anatel, decidiu retirar da pauta da reuni&atilde;o de quarta-feira (29) os processos que tratam da compra da TVA pelo grupo Telef&ocirc;nica em S&atilde;o Paulo, e dos reflexos no Brasil da compra da controladora da Telecom It&aacute;lia pela empresa espanhola Telef&ocirc;nica. A Anatel alegou que precisava de mais tempo para analisar com cuidadoas implica&ccedil;&otilde;es da compra. <\/p>\n<p>Na C&acirc;mara, a oposi&ccedil;&atilde;o manobra para &#39;abortar&#39; a CPI, mesmo com todos os crit&eacute;rios atendidos &ndash; 182 assinaturas &ndash; 11 a mais do que o m&iacute;nimo exigido de 171 e o fato determinado. O l&iacute;der do PSDB, deputado Ant&ocirc;nio Carlos Pannunzio (SP), apresentou em plen&aacute;rio, na semana passada, quest&atilde;o de ordem contra o pedido do deputado Wladimir Costa (PMDB-PA) de instala&ccedil;&atilde;o de CPI. Ele alega que n&atilde;o h&aacute; a ilicitude apontada na negocia&ccedil;&atilde;o. <\/p>\n<p>Na semana passada, o presidente da Casa, Arlindo Chinaglia (PT-SP) admitiu que existe fato determinado, de acordo com parecer t&eacute;cnico da secretaria geral da Mesa, mas informou que era necess&aacute;rio &#39;prud&ecirc;ncia&#39; na an&aacute;lise do caso. &#39;A assessoria jur&iacute;dica da C&acirc;mara est&aacute; dando continuidade &agrave; an&aacute;lise do pedido de CPI, e estas discuss&otilde;es em plen&aacute;rio s&atilde;o um elemento a mais para embasar uma decis&atilde;o&#39;, disse. <\/p>\n","protected":false},"excerpt":{"rendered":"<p>O deputado Luiz Couto (PT-PB), ao contr&aacute;rio das maioria dos parlamentares, que evita falar no assunto, &eacute; enf&aacute;tico: &#39;N&atilde;o retirarei minha assinatura&#39;. Ele &eacute; um dos signat&aacute;rios do requerimento que pede abertura da CPI para investigar den&uacute;ncia de ilegalidade na compra da operadora de TV por assinatura TVA, do Grupo Abril, pela empresa espanhola Telef&ocirc;nica. &hellip; <a href=\"https:\/\/obscom.intervozes.org.br\/?p=19135\" class=\"more-link\">Continue lendo <span class=\"screen-reader-text\">CPI Abril-Telef\u00f4nica: deputado diz que &#8216;n\u00e3o tem como n\u00e3o instalar&#8217;<\/span> <span class=\"meta-nav\">&rarr;<\/span><\/a><\/p>\n","protected":false},"author":1,"featured_media":0,"comment_status":"open","ping_status":"open","sticky":false,"template":"","format":"standard","meta":{"footnotes":""},"categories":[40],"tags":[164],"_links":{"self":[{"href":"https:\/\/obscom.intervozes.org.br\/index.php?rest_route=\/wp\/v2\/posts\/19135"}],"collection":[{"href":"https:\/\/obscom.intervozes.org.br\/index.php?rest_route=\/wp\/v2\/posts"}],"about":[{"href":"https:\/\/obscom.intervozes.org.br\/index.php?rest_route=\/wp\/v2\/types\/post"}],"author":[{"embeddable":true,"href":"https:\/\/obscom.intervozes.org.br\/index.php?rest_route=\/wp\/v2\/users\/1"}],"replies":[{"embeddable":true,"href":"https:\/\/obscom.intervozes.org.br\/index.php?rest_route=%2Fwp%2Fv2%2Fcomments&post=19135"}],"version-history":[{"count":0,"href":"https:\/\/obscom.intervozes.org.br\/index.php?rest_route=\/wp\/v2\/posts\/19135\/revisions"}],"wp:attachment":[{"href":"https:\/\/obscom.intervozes.org.br\/index.php?rest_route=%2Fwp%2Fv2%2Fmedia&parent=19135"}],"wp:term":[{"taxonomy":"category","embeddable":true,"href":"https:\/\/obscom.intervozes.org.br\/index.php?rest_route=%2Fwp%2Fv2%2Fcategories&post=19135"},{"taxonomy":"post_tag","embeddable":true,"href":"https:\/\/obscom.intervozes.org.br\/index.php?rest_route=%2Fwp%2Fv2%2Ftags&post=19135"}],"curies":[{"name":"wp","href":"https:\/\/api.w.org\/{rel}","templated":true}]}}