{"id":19126,"date":"2007-09-03T18:56:59","date_gmt":"2007-09-03T18:56:59","guid":{"rendered":"https:\/\/obscom.intervozes.org.br\/wordpress\/?p=19126"},"modified":"2007-09-03T18:56:59","modified_gmt":"2007-09-03T18:56:59","slug":"congresso-do-pt-aprova-resolucoes-sobre-concessoes-e-tv-publica","status":"publish","type":"post","link":"https:\/\/obscom.intervozes.org.br\/?p=19126","title":{"rendered":"Congresso do PT aprova resolu\u00e7\u00f5es sobre concess\u00f5es e TV P\u00fablica"},"content":{"rendered":"<p>O 3&ordm; Congresso do Partido dos Trabalhadores, realizado no &uacute;ltimo fim de semana em S&atilde;o Paulo, aprovou, entre as suas resolu&ccedil;&otilde;es, algumas iniciativas importantes para a pauta de comunica&ccedil;&otilde;es que abordam, especialmente, o problema das concess&otilde;es p&uacute;blicas de r&aacute;dio e TV e a nova TV p&uacute;blica nacional. As resolu&ccedil;&otilde;es&nbsp;n&atilde;o est&atilde;o alinhadas com&nbsp;as pol&iacute;ticas do&nbsp;governo Lula, que n&atilde;o tem mostrado disposi&ccedil;&atilde;o para o enfrentamento com as emissoras comerciais, mantendo&nbsp;no Minist&eacute;rio das Comunica&ccedil;&otilde;es um aliado das organiza&ccedil;&otilde;es Globo, H&eacute;lio Costa.<\/p>\n<p>A proposta aprovada pelos delegados presentes ao congresso inclui a revis&atilde;o dos processos de outorga de canais de r&aacute;dio e TV, afirmando que elas &ldquo;vem sendo historicamente tratadas como propriedade absoluta por parte das emissoras de radiodifus&atilde;o&rdquo;. Segundo Valter Pomar, secret&aacute;rio de rela&ccedil;&otilde;es internacionais do partido, &quot;hoje as concess&otilde;es s&atilde;o renovadas, &agrave;s vezes quase que automaticamente, sem processo de consulta p&uacute;blica, sem um debate sobre a qualidade do trabalho desenvolvido por empresas que utilizam bem p&uacute;blico, que utilizam uma concess&atilde;o p&uacute;blica&quot;.<\/p>\n<p>Sobre a TV Brasil, a resolu&ccedil;&atilde;o defende que a gest&atilde;o da nova TV p&uacute;blica seja &ldquo;efetivamente participativa&rdquo; e que conte com participa&ccedil;&atilde;o majorit&aacute;ria da sociedade civil. A proposta do governo, que est&aacute; em vias de ser aprovada, defende um conselho gestor composto por &ldquo;personalidades&rdquo; indicadas pelo presidente, assim como sua diretoria-executiva.<\/p>\n<p>* Com informa&ccedil;&otilde;es da Ag&ecirc;ncia Brasil.<\/p>\n","protected":false},"excerpt":{"rendered":"<p>O 3&ordm; Congresso do Partido dos Trabalhadores, realizado no &uacute;ltimo fim de semana em S&atilde;o Paulo, aprovou, entre as suas resolu&ccedil;&otilde;es, algumas iniciativas importantes para a pauta de comunica&ccedil;&otilde;es que abordam, especialmente, o problema das concess&otilde;es p&uacute;blicas de r&aacute;dio e TV e a nova TV p&uacute;blica nacional. As resolu&ccedil;&otilde;es&nbsp;n&atilde;o est&atilde;o alinhadas com&nbsp;as pol&iacute;ticas do&nbsp;governo Lula, &hellip; <a href=\"https:\/\/obscom.intervozes.org.br\/?p=19126\" class=\"more-link\">Continue lendo <span class=\"screen-reader-text\">Congresso do PT aprova resolu\u00e7\u00f5es sobre concess\u00f5es e TV P\u00fablica<\/span> <span class=\"meta-nav\">&rarr;<\/span><\/a><\/p>\n","protected":false},"author":1,"featured_media":0,"comment_status":"open","ping_status":"open","sticky":false,"template":"","format":"standard","meta":{"footnotes":""},"categories":[39],"tags":[],"_links":{"self":[{"href":"https:\/\/obscom.intervozes.org.br\/index.php?rest_route=\/wp\/v2\/posts\/19126"}],"collection":[{"href":"https:\/\/obscom.intervozes.org.br\/index.php?rest_route=\/wp\/v2\/posts"}],"about":[{"href":"https:\/\/obscom.intervozes.org.br\/index.php?rest_route=\/wp\/v2\/types\/post"}],"author":[{"embeddable":true,"href":"https:\/\/obscom.intervozes.org.br\/index.php?rest_route=\/wp\/v2\/users\/1"}],"replies":[{"embeddable":true,"href":"https:\/\/obscom.intervozes.org.br\/index.php?rest_route=%2Fwp%2Fv2%2Fcomments&post=19126"}],"version-history":[{"count":0,"href":"https:\/\/obscom.intervozes.org.br\/index.php?rest_route=\/wp\/v2\/posts\/19126\/revisions"}],"wp:attachment":[{"href":"https:\/\/obscom.intervozes.org.br\/index.php?rest_route=%2Fwp%2Fv2%2Fmedia&parent=19126"}],"wp:term":[{"taxonomy":"category","embeddable":true,"href":"https:\/\/obscom.intervozes.org.br\/index.php?rest_route=%2Fwp%2Fv2%2Fcategories&post=19126"},{"taxonomy":"post_tag","embeddable":true,"href":"https:\/\/obscom.intervozes.org.br\/index.php?rest_route=%2Fwp%2Fv2%2Ftags&post=19126"}],"curies":[{"name":"wp","href":"https:\/\/api.w.org\/{rel}","templated":true}]}}