{"id":19122,"date":"2007-09-03T16:39:27","date_gmt":"2007-09-03T16:39:27","guid":{"rendered":"https:\/\/obscom.intervozes.org.br\/wordpress\/?p=19122"},"modified":"2007-09-03T16:39:27","modified_gmt":"2007-09-03T16:39:27","slug":"sindicato-e-associacao-de-jornalistas-chegam-a-acordo-historico-na-suecia","status":"publish","type":"post","link":"https:\/\/obscom.intervozes.org.br\/?p=19122","title":{"rendered":"Sindicato e Associa\u00e7\u00e3o de jornalistas chegam a acordo hist\u00f3rico na Su\u00e9cia"},"content":{"rendered":"<p>O Sindicato de Jornalistas Suecos (SJF) e a Associa&ccedil;&atilde;o Sueca de Editores de Jornais (TU) chegaram, na &uacute;ltima quinta-feira (30), a acordo sobre quest&otilde;es relacionadas a direitos autorais e contrata&ccedil;&atilde;o coletiva. <\/p>\n<p>O entendimento levou &agrave; suspens&atilde;o da greve que mais de cinco mil jornalistas suecos preparavam, em defesa dos seus direitos. O novo acordo prev&ecirc; a manuten&ccedil;&atilde;o dos direitos autorais de todos os jornalistas que trabalhem em grupos de m&iacute;dia e estabelece, pela primeira vez, um contrato coletivo para os meios Online e de radiodifus&atilde;o, al&eacute;m de prometer um aumento m&eacute;dio de dez por cento nas tabelas de pagamentos das reda&ccedil;&otilde;es e acabar com os sal&aacute;rios baixos nos &oacute;rg&atilde;os regionais, estabelecendo um sal&aacute;rio m&iacute;nimo mensal de 25 mil coroas suecas (2.625 euros) para os jornalistas veteranos. <\/p>\n<p>A Federa&ccedil;&atilde;o Internacional de Jornalistas (FIJ) saudou a assinatura desse &#39;acordo hist&oacute;rico&#39; que &#39;acaba como esc&acirc;ndalo dos sal&aacute;rios baixos e protege os direitos de autoria de todos os jornalistas&#39;, frisando que o acordo s&oacute; foi poss&iacute;vel devido &agrave; &#39;unidade e solidariedade demonstrada&#39; pela classe e esperando que o exemplo sirva de inspira&ccedil;&atilde;o a profissionais de outros pontos da Europa.<\/p>\n<p><img loading=\"lazy\" decoding=\"async\" src=\"images\/stories\/politica_publicacoes\/c_normal_pq.png\" alt=\"Active Image\" width=\"15\" height=\"15\" \/>&nbsp;Portal Imprensa.<\/p>\n","protected":false},"excerpt":{"rendered":"<p>O Sindicato de Jornalistas Suecos (SJF) e a Associa&ccedil;&atilde;o Sueca de Editores de Jornais (TU) chegaram, na &uacute;ltima quinta-feira (30), a acordo sobre quest&otilde;es relacionadas a direitos autorais e contrata&ccedil;&atilde;o coletiva. O entendimento levou &agrave; suspens&atilde;o da greve que mais de cinco mil jornalistas suecos preparavam, em defesa dos seus direitos. O novo acordo prev&ecirc; &hellip; <a href=\"https:\/\/obscom.intervozes.org.br\/?p=19122\" class=\"more-link\">Continue lendo <span class=\"screen-reader-text\">Sindicato e Associa\u00e7\u00e3o de jornalistas chegam a acordo hist\u00f3rico na Su\u00e9cia<\/span> <span class=\"meta-nav\">&rarr;<\/span><\/a><\/p>\n","protected":false},"author":1,"featured_media":0,"comment_status":"open","ping_status":"open","sticky":false,"template":"","format":"standard","meta":{"footnotes":""},"categories":[40],"tags":[199],"_links":{"self":[{"href":"https:\/\/obscom.intervozes.org.br\/index.php?rest_route=\/wp\/v2\/posts\/19122"}],"collection":[{"href":"https:\/\/obscom.intervozes.org.br\/index.php?rest_route=\/wp\/v2\/posts"}],"about":[{"href":"https:\/\/obscom.intervozes.org.br\/index.php?rest_route=\/wp\/v2\/types\/post"}],"author":[{"embeddable":true,"href":"https:\/\/obscom.intervozes.org.br\/index.php?rest_route=\/wp\/v2\/users\/1"}],"replies":[{"embeddable":true,"href":"https:\/\/obscom.intervozes.org.br\/index.php?rest_route=%2Fwp%2Fv2%2Fcomments&post=19122"}],"version-history":[{"count":0,"href":"https:\/\/obscom.intervozes.org.br\/index.php?rest_route=\/wp\/v2\/posts\/19122\/revisions"}],"wp:attachment":[{"href":"https:\/\/obscom.intervozes.org.br\/index.php?rest_route=%2Fwp%2Fv2%2Fmedia&parent=19122"}],"wp:term":[{"taxonomy":"category","embeddable":true,"href":"https:\/\/obscom.intervozes.org.br\/index.php?rest_route=%2Fwp%2Fv2%2Fcategories&post=19122"},{"taxonomy":"post_tag","embeddable":true,"href":"https:\/\/obscom.intervozes.org.br\/index.php?rest_route=%2Fwp%2Fv2%2Ftags&post=19122"}],"curies":[{"name":"wp","href":"https:\/\/api.w.org\/{rel}","templated":true}]}}