{"id":19119,"date":"2007-09-03T16:14:18","date_gmt":"2007-09-03T16:14:18","guid":{"rendered":"https:\/\/obscom.intervozes.org.br\/wordpress\/?p=19119"},"modified":"2016-06-01T17:51:14","modified_gmt":"2016-06-01T17:51:14","slug":"jornalistas-sao-feitos-refens-no-mt-por-investigar-disputa-de-terras","status":"publish","type":"post","link":"https:\/\/obscom.intervozes.org.br\/?p=19119","title":{"rendered":"Jornalistas s\u00e3o feitos ref\u00e9ns no MT por investigar disputa de terras"},"content":{"rendered":"\n<p class=\"MsoNormal\">Dois jornalistas franceses que acompanhavam um grupo composto pelo Greenpeace e pela organiza&ccedil;&atilde;o indigenista Opan (Opera&ccedil;&atilde;o Amaz&ocirc;nia Nativa) sofreram constrangimento na cidade de Ju&iacute;na, no Mato Grosso, por fazendeiros e pol&iacute;ticos locais que disputam terras com os &iacute;ndios Enawene Nawe. O grupo de nove pessoas estava de passagem por Ju&iacute;na quando foi abordado e mantido em c&aacute;rcere privado em um hotel da cidade. Em seguida, foram levados &agrave; C&acirc;mara Municipal, onde foram amea&ccedil;ados pelo pr&oacute;prio prefeito da cidade, Hilton Campos (PR), numa clara viola&ccedil;&atilde;o de liberdade de express&atilde;o corroborada pelas autoridades locais. O grupo acabou expulso da cidade.<\/p>\n","protected":false},"excerpt":{"rendered":"<p>Dois jornalistas franceses que acompanhavam um grupo composto pelo Greenpeace e pela organiza\u00e7\u00e3o indigenista Opan (Opera\u00e7\u00e3o Amaz\u00f4nia Nativa) sofreram constrangimento na cidade de Ju\u00edna, no Mato Grosso, por fazendeiros e pol\u00edticos locais que disputam terras com os \u00edndios Enawene Nawe.<\/p>\n","protected":false},"author":1,"featured_media":0,"comment_status":"open","ping_status":"open","sticky":false,"template":"","format":"standard","meta":{"footnotes":""},"categories":[40],"tags":[],"_links":{"self":[{"href":"https:\/\/obscom.intervozes.org.br\/index.php?rest_route=\/wp\/v2\/posts\/19119"}],"collection":[{"href":"https:\/\/obscom.intervozes.org.br\/index.php?rest_route=\/wp\/v2\/posts"}],"about":[{"href":"https:\/\/obscom.intervozes.org.br\/index.php?rest_route=\/wp\/v2\/types\/post"}],"author":[{"embeddable":true,"href":"https:\/\/obscom.intervozes.org.br\/index.php?rest_route=\/wp\/v2\/users\/1"}],"replies":[{"embeddable":true,"href":"https:\/\/obscom.intervozes.org.br\/index.php?rest_route=%2Fwp%2Fv2%2Fcomments&post=19119"}],"version-history":[{"count":1,"href":"https:\/\/obscom.intervozes.org.br\/index.php?rest_route=\/wp\/v2\/posts\/19119\/revisions"}],"predecessor-version":[{"id":29419,"href":"https:\/\/obscom.intervozes.org.br\/index.php?rest_route=\/wp\/v2\/posts\/19119\/revisions\/29419"}],"wp:attachment":[{"href":"https:\/\/obscom.intervozes.org.br\/index.php?rest_route=%2Fwp%2Fv2%2Fmedia&parent=19119"}],"wp:term":[{"taxonomy":"category","embeddable":true,"href":"https:\/\/obscom.intervozes.org.br\/index.php?rest_route=%2Fwp%2Fv2%2Fcategories&post=19119"},{"taxonomy":"post_tag","embeddable":true,"href":"https:\/\/obscom.intervozes.org.br\/index.php?rest_route=%2Fwp%2Fv2%2Ftags&post=19119"}],"curies":[{"name":"wp","href":"https:\/\/api.w.org\/{rel}","templated":true}]}}