{"id":19110,"date":"2007-09-03T11:12:18","date_gmt":"2007-09-03T11:12:18","guid":{"rendered":"https:\/\/obscom.intervozes.org.br\/wordpress\/?p=19110"},"modified":"2007-09-03T11:12:18","modified_gmt":"2007-09-03T11:12:18","slug":"livro-revela-logica-das-politicas-de-comunicacao-no-brasil","status":"publish","type":"post","link":"https:\/\/obscom.intervozes.org.br\/?p=19110","title":{"rendered":"Livro revela l\u00f3gica das pol\u00edticas de comunica\u00e7\u00e3o no Brasil"},"content":{"rendered":"<p><span>A Editora Paulus lan&ccedil;ou no &uacute;ltimo m&ecirc;s de julho o livro &ldquo;Qual a l&oacute;gica das pol&iacute;ticas de comunica&ccedil;&atilde;o no Brasil?&rdquo;, de autoria de C&eacute;sar Bola&ntilde;o, professor da UFS e pesquisador do CNPq. Formada por oito cap&iacute;tulos, a obra discorre sobre o modelo de regula&ccedil;&atilde;o do setor audiovisual e do macro-setor das comunica&ccedil;&otilde;es no pa&iacute;s.<\/p>\n<p><\/span><span>O autor tra&ccedil;a uma evolu&ccedil;&atilde;o hist&oacute;rica da legisla&ccedil;&atilde;o sobre o tema e detecta a influ&ecirc;ncia dos atores hegem&ocirc;nicos nos processos legislativos. Com o objetivo de esmiu&ccedil;ar essa problem&aacute;tica, Bola&ntilde;o faz uma an&aacute;lise sob a perspectiva da Economia Pol&iacute;tica e da reestrutura&ccedil;&atilde;o dos mercados e das rela&ccedil;&otilde;es de poder e hegemonia que se processam no setor.<\/p>\n<p><\/span><span>&ldquo;A pol&iacute;tica audiovisual brasileira, tal como aparece, plasmada na legisla&ccedil;&atilde;o, retrata a estrutura hegem&ocirc;nica do setor, tal como foi constitu&iacute;da pela din&acirc;mica das lutas entre os atores relevantes no in&iacute;cio dos anos 60. A manuten&ccedil;&atilde;o do sistema de poder no campo da comunica&ccedil;&atilde;o no Brasil, sem qualquer altera&ccedil;&atilde;o significativa desde os idos do general presidente Castelo Branco, levanta, no m&iacute;nimo, a suspeita sobre a efetividade da nossa transi&ccedil;&atilde;o democr&aacute;tica&rdquo;, revela o autor.<\/p>\n<p><\/span><span>O livro inicia-se com um apanhado sobre o in&iacute;cio e a consolida&ccedil;&atilde;o do sistema comercial privado de r&aacute;dio e televis&atilde;o no Brasil, com base em um modelo de concess&otilde;es p&uacute;blicas, sob aval do C&oacute;digo Brasileiro de Telecomunica&ccedil;&otilde;es. Tamb&eacute;m s&atilde;o abordadas as quest&otilde;es da privatiza&ccedil;&atilde;o, abertura &agrave; concorr&ecirc;ncia, introdu&ccedil;&atilde;o de novas tecnologias e converg&ecirc;ncia econ&ocirc;mica entre telecomunica&ccedil;&otilde;es e audiovisual.<\/p>\n<p><\/span><span>A Lei da TV a Cabo, a pol&iacute;tica nacional de inform&aacute;tica e a TV Digital recebem espa&ccedil;o em cap&iacute;tulos diferenciados. O poder de negocia&ccedil;&atilde;o dos movimentos sociais pela democratiza&ccedil;&atilde;o das comunica&ccedil;&otilde;es, a exemplo do FNDC, &eacute; destacado ao longo da leitura. C&eacute;sar Bola&ntilde;o demonstra, com essa obra, que suas pesquisas no Observat&oacute;rio de Economia e Comunica&ccedil;&atilde;o (OBSCOM) da UFS, do qual &eacute; coordenador, acompanham o contexto pol&iacute;tico-econ&ocirc;mico atual, apontando tend&ecirc;ncias do Governo Lula e alternativas para que o Brasil resolva os problemas dos sistemas de comunica&ccedil;&atilde;o de massa herdados do s&eacute;culo passado.<\/p>\n<p><img loading=\"lazy\" decoding=\"async\" src=\"images\/stories\/politica_publicacoes\/c_invertido_pq.png\" alt=\"Active Image\" width=\"15\" height=\"15\" \/><\/p>\n<p><\/span><\/p>\n","protected":false},"excerpt":{"rendered":"<p>A Editora Paulus lan&ccedil;ou no &uacute;ltimo m&ecirc;s de julho o livro &ldquo;Qual a l&oacute;gica das pol&iacute;ticas de comunica&ccedil;&atilde;o no Brasil?&rdquo;, de autoria de C&eacute;sar Bola&ntilde;o, professor da UFS e pesquisador do CNPq. Formada por oito cap&iacute;tulos, a obra discorre sobre o modelo de regula&ccedil;&atilde;o do setor audiovisual e do macro-setor das comunica&ccedil;&otilde;es no pa&iacute;s. O &hellip; <a href=\"https:\/\/obscom.intervozes.org.br\/?p=19110\" class=\"more-link\">Continue lendo <span class=\"screen-reader-text\">Livro revela l\u00f3gica das pol\u00edticas de comunica\u00e7\u00e3o no Brasil<\/span> <span class=\"meta-nav\">&rarr;<\/span><\/a><\/p>\n","protected":false},"author":1,"featured_media":0,"comment_status":"open","ping_status":"open","sticky":false,"template":"","format":"standard","meta":{"footnotes":""},"categories":[40],"tags":[399],"_links":{"self":[{"href":"https:\/\/obscom.intervozes.org.br\/index.php?rest_route=\/wp\/v2\/posts\/19110"}],"collection":[{"href":"https:\/\/obscom.intervozes.org.br\/index.php?rest_route=\/wp\/v2\/posts"}],"about":[{"href":"https:\/\/obscom.intervozes.org.br\/index.php?rest_route=\/wp\/v2\/types\/post"}],"author":[{"embeddable":true,"href":"https:\/\/obscom.intervozes.org.br\/index.php?rest_route=\/wp\/v2\/users\/1"}],"replies":[{"embeddable":true,"href":"https:\/\/obscom.intervozes.org.br\/index.php?rest_route=%2Fwp%2Fv2%2Fcomments&post=19110"}],"version-history":[{"count":0,"href":"https:\/\/obscom.intervozes.org.br\/index.php?rest_route=\/wp\/v2\/posts\/19110\/revisions"}],"wp:attachment":[{"href":"https:\/\/obscom.intervozes.org.br\/index.php?rest_route=%2Fwp%2Fv2%2Fmedia&parent=19110"}],"wp:term":[{"taxonomy":"category","embeddable":true,"href":"https:\/\/obscom.intervozes.org.br\/index.php?rest_route=%2Fwp%2Fv2%2Fcategories&post=19110"},{"taxonomy":"post_tag","embeddable":true,"href":"https:\/\/obscom.intervozes.org.br\/index.php?rest_route=%2Fwp%2Fv2%2Ftags&post=19110"}],"curies":[{"name":"wp","href":"https:\/\/api.w.org\/{rel}","templated":true}]}}