{"id":19108,"date":"2007-09-03T11:02:32","date_gmt":"2007-09-03T11:02:32","guid":{"rendered":"https:\/\/obscom.intervozes.org.br\/wordpress\/?p=19108"},"modified":"2007-09-03T11:02:32","modified_gmt":"2007-09-03T11:02:32","slug":"presidencia-da-tv-brasil-sera-de-belluzzo-e-superintendencia-de-orlando-sena-diz-blog-governo-nega","status":"publish","type":"post","link":"https:\/\/obscom.intervozes.org.br\/?p=19108","title":{"rendered":"Presid\u00eancia da TV Brasil ser\u00e1 de Belluzzo e superintend\u00eancia de Orlando Sena, diz blog. Governo nega"},"content":{"rendered":"<p>O presidente do Conselho Curador da Funda&ccedil;&atilde;o Padre Anchieta, Jorge da Cunha Lima, afirma em seu <a href=\"http:\/\/blogjorgedacunhalima.blig.ig.com.br\/\">Blog<\/a> que os principais cargos de dire&ccedil;&atilde;o da TV Brasil j&aacute; est&atilde;o definidos: Belluzzo, economista e&nbsp;consultor editorial da revista Carta Capital, ser&aacute; o diretor-presidente. Orlando Sena, secret&aacute;rio nacional do audiovisual do Minist&eacute;rio da Cultura, ser&aacute; o superintendente.<\/p>\n<p>Segundo Cunha Lima,&nbsp;a escolha de Lula &quot;agrada gregos e troianos tanto pelo alto n&iacute;vel dos escolhidos, como pelo fato de ter agradado o Minist&eacute;rio da Cultura&quot;. <\/p>\n<p>Ao Portal IMPRENSA, o assessor da Secom, Delcimar Pires, negou que o presidente Lula j&aacute; tenha decidido os nomes. &#39;Certamente Lula j&aacute; tem na cabe&ccedil;a os nomes, mas qualquer adiantamento ainda &eacute; especula&ccedil;&atilde;o&#39;, disse.<\/p>\n","protected":false},"excerpt":{"rendered":"<p>O presidente do Conselho Curador da Funda&ccedil;&atilde;o Padre Anchieta, Jorge da Cunha Lima, afirma em seu Blog que os principais cargos de dire&ccedil;&atilde;o da TV Brasil j&aacute; est&atilde;o definidos: Belluzzo, economista e&nbsp;consultor editorial da revista Carta Capital, ser&aacute; o diretor-presidente. Orlando Sena, secret&aacute;rio nacional do audiovisual do Minist&eacute;rio da Cultura, ser&aacute; o superintendente. Segundo Cunha &hellip; <a href=\"https:\/\/obscom.intervozes.org.br\/?p=19108\" class=\"more-link\">Continue lendo <span class=\"screen-reader-text\">Presid\u00eancia da TV Brasil ser\u00e1 de Belluzzo e superintend\u00eancia de Orlando Sena, diz blog. Governo nega<\/span> <span class=\"meta-nav\">&rarr;<\/span><\/a><\/p>\n","protected":false},"author":1,"featured_media":0,"comment_status":"open","ping_status":"open","sticky":false,"template":"","format":"standard","meta":{"footnotes":""},"categories":[39],"tags":[],"_links":{"self":[{"href":"https:\/\/obscom.intervozes.org.br\/index.php?rest_route=\/wp\/v2\/posts\/19108"}],"collection":[{"href":"https:\/\/obscom.intervozes.org.br\/index.php?rest_route=\/wp\/v2\/posts"}],"about":[{"href":"https:\/\/obscom.intervozes.org.br\/index.php?rest_route=\/wp\/v2\/types\/post"}],"author":[{"embeddable":true,"href":"https:\/\/obscom.intervozes.org.br\/index.php?rest_route=\/wp\/v2\/users\/1"}],"replies":[{"embeddable":true,"href":"https:\/\/obscom.intervozes.org.br\/index.php?rest_route=%2Fwp%2Fv2%2Fcomments&post=19108"}],"version-history":[{"count":0,"href":"https:\/\/obscom.intervozes.org.br\/index.php?rest_route=\/wp\/v2\/posts\/19108\/revisions"}],"wp:attachment":[{"href":"https:\/\/obscom.intervozes.org.br\/index.php?rest_route=%2Fwp%2Fv2%2Fmedia&parent=19108"}],"wp:term":[{"taxonomy":"category","embeddable":true,"href":"https:\/\/obscom.intervozes.org.br\/index.php?rest_route=%2Fwp%2Fv2%2Fcategories&post=19108"},{"taxonomy":"post_tag","embeddable":true,"href":"https:\/\/obscom.intervozes.org.br\/index.php?rest_route=%2Fwp%2Fv2%2Ftags&post=19108"}],"curies":[{"name":"wp","href":"https:\/\/api.w.org\/{rel}","templated":true}]}}