{"id":19107,"date":"2007-08-31T18:03:33","date_gmt":"2007-08-31T18:03:33","guid":{"rendered":"https:\/\/obscom.intervozes.org.br\/wordpress\/?p=19107"},"modified":"2014-09-07T02:53:58","modified_gmt":"2014-09-07T02:53:58","slug":"entidades-voltam-a-defender-restricoes-a-publicidade-infantil","status":"publish","type":"post","link":"https:\/\/obscom.intervozes.org.br\/?p=19107","title":{"rendered":"Entidades voltam a defender restri\u00e7\u00f5es \u00e0 publicidade infantil"},"content":{"rendered":"<p>Em audi&ecirc;ncia ontem (30\/08), a Comiss&atilde;o de Defesa do Consumidor da C&acirc;mara discutiu o projeto de Lei 5921\/01, do deputado Luiz Carlos Hauly (PSDB-PR), que pro&iacute;be as emissoras de r&aacute;dio e televis&atilde;o de divulgar propaganda de produtos dirigidos a crian&ccedil;as no per&iacute;odo entre 7 e 21 horas. Entidades da sociedade civil que lutam pelo direito &agrave; comunica&ccedil;&atilde;o e pelos direitos das crian&ccedil;as e adolescentes refor&ccedil;aram a defesa que fazem de restri&ccedil;&otilde;es a comerciais voltados para o p&uacute;blico infantil.<\/p>\n<p>A representante na audi&ecirc;ncia da Ag&ecirc;ncia de Not&iacute;cias dos Direitos da Inf&acirc;ncia (Andi), Isabella Vieira Machado Henriques, afirmou que o assunto deve ser amplamente discutido pela sociedade e a proposta de erradica&ccedil;&atilde;o de qualquer publicidade dirigida &agrave; crian&ccedil;a n&atilde;o pode ser descartada.&nbsp;<\/p>\n<p>O representante da Associa&ccedil;&atilde;o Brasileira de Ag&ecirc;ncias de Publicidade (Abap), Stalimir Vieira, dialogou com a posi&ccedil;&atilde;o de Leifert e &#8211; na audi&ecirc;ncia &#8211; afirmou que o questionamento a ser feito nesse contexto &eacute; se o importante &eacute; incentivar a produ&ccedil;&atilde;o e o consumo ou cuidar da forma&ccedil;&atilde;o integral dos jovens. Ele disse que h&aacute; regras que as ag&ecirc;ncias est&atilde;o submetidas a elas e est&atilde;o as est&atilde;o cumprindo. Participaram tamb&eacute;m especialista em Publicidade Infantil, Noemi Friske Momberger, o representante do Conselho Federal de Psicologia, Ricardo Moretzsohn. <br \/>&nbsp;<br \/>Esta foi a primeira das audi&ecirc;ncias que ser&atilde;o realizadas no Congresso &ndash; onde o projeto tramita h&aacute; seis anos &#8211; para subsidiar o parecer da relatora da mat&eacute;ria, a deputada Maria do Carmo Lara (PT-MG).<br \/>&nbsp;<br \/>Leia mais sobre o assunto em: Campanha defende restri&ccedil;&otilde;es a publicidade infantil <a href=\"http:\/\/localhost\/intervozes_direitoacomunicacao\/wordpress\/?p=18471\">https:\/\/obscom.intervozes.org.br\/novo\/content.php?option=com_content&amp;task=view&amp;id=617&amp;Itemid=622<\/a><\/p>\n<p>&nbsp;* Com informa&ccedil;&otilde;es da Meio &amp; Mensagem.<\/p>\n","protected":false},"excerpt":{"rendered":"<p>Em audi&ecirc;ncia ontem (30\/08), a Comiss&atilde;o de Defesa do Consumidor da C&acirc;mara discutiu o projeto de Lei 5921\/01, do deputado Luiz Carlos Hauly (PSDB-PR), que pro&iacute;be as emissoras de r&aacute;dio e televis&atilde;o de divulgar propaganda de produtos dirigidos a crian&ccedil;as no per&iacute;odo entre 7 e 21 horas. Entidades da sociedade civil que lutam pelo direito &hellip; <a href=\"https:\/\/obscom.intervozes.org.br\/?p=19107\" class=\"more-link\">Continue lendo <span class=\"screen-reader-text\">Entidades voltam a defender restri\u00e7\u00f5es \u00e0 publicidade infantil<\/span> <span class=\"meta-nav\">&rarr;<\/span><\/a><\/p>\n","protected":false},"author":1,"featured_media":0,"comment_status":"open","ping_status":"open","sticky":false,"template":"","format":"standard","meta":{"footnotes":""},"categories":[39],"tags":[],"_links":{"self":[{"href":"https:\/\/obscom.intervozes.org.br\/index.php?rest_route=\/wp\/v2\/posts\/19107"}],"collection":[{"href":"https:\/\/obscom.intervozes.org.br\/index.php?rest_route=\/wp\/v2\/posts"}],"about":[{"href":"https:\/\/obscom.intervozes.org.br\/index.php?rest_route=\/wp\/v2\/types\/post"}],"author":[{"embeddable":true,"href":"https:\/\/obscom.intervozes.org.br\/index.php?rest_route=\/wp\/v2\/users\/1"}],"replies":[{"embeddable":true,"href":"https:\/\/obscom.intervozes.org.br\/index.php?rest_route=%2Fwp%2Fv2%2Fcomments&post=19107"}],"version-history":[{"count":1,"href":"https:\/\/obscom.intervozes.org.br\/index.php?rest_route=\/wp\/v2\/posts\/19107\/revisions"}],"predecessor-version":[{"id":27759,"href":"https:\/\/obscom.intervozes.org.br\/index.php?rest_route=\/wp\/v2\/posts\/19107\/revisions\/27759"}],"wp:attachment":[{"href":"https:\/\/obscom.intervozes.org.br\/index.php?rest_route=%2Fwp%2Fv2%2Fmedia&parent=19107"}],"wp:term":[{"taxonomy":"category","embeddable":true,"href":"https:\/\/obscom.intervozes.org.br\/index.php?rest_route=%2Fwp%2Fv2%2Fcategories&post=19107"},{"taxonomy":"post_tag","embeddable":true,"href":"https:\/\/obscom.intervozes.org.br\/index.php?rest_route=%2Fwp%2Fv2%2Ftags&post=19107"}],"curies":[{"name":"wp","href":"https:\/\/api.w.org\/{rel}","templated":true}]}}