{"id":19106,"date":"2007-08-31T17:46:56","date_gmt":"2007-08-31T17:46:56","guid":{"rendered":"https:\/\/obscom.intervozes.org.br\/wordpress\/?p=19106"},"modified":"2007-08-31T17:46:56","modified_gmt":"2007-08-31T17:46:56","slug":"movimentos-se-unem-para-discutir-concessoes-publicas-de-radio-e-tv","status":"publish","type":"post","link":"https:\/\/obscom.intervozes.org.br\/?p=19106","title":{"rendered":"Movimentos se unem para discutir concess\u00f5es p\u00fablicas de R\u00e1dio e TV"},"content":{"rendered":"<p>Colocar gente na rua para combater&nbsp;um sistema de concess&otilde;es que se assemelha ao &ldquo;velho oeste&rdquo; &eacute; o mote que une as entidades da Coordena&ccedil;&atilde;o dos Movimentos Sociais (CMS). Debater os crit&eacute;rios democr&aacute;ticos para renova&ccedil;&otilde;es e a amplia&ccedil;&atilde;o da participa&ccedil;&atilde;o popular da sociedade, ser&atilde;o princ&iacute;pios-chaves na discuss&atilde;o das outorgas p&uacute;blicas de radiodifus&atilde;o.<\/p>\n<p>Com o intuito de tornar p&uacute;blico o movimento sobre as concess&otilde;es, em especial as referentes &agrave; televis&atilde;o, a Central &Uacute;nica dos Trabalhadores (CUT), o Movimento dos Trabalhadores Rurais Sem Terra (MST), a Uni&atilde;o Nacional dos Estudantes (UNE), o Coletivo de Comunica&ccedil;&atilde;o Social Intervozes e outros movimentos sociais estar&atilde;o promovendo no dia 5 de outubro o &quot;dia nacional de luta&quot;. A data foi escolhida como um referencial simb&oacute;lico, pois &eacute; quando vencem as concess&otilde;es das TVs Record, Band, Gazeta, Cultura de S&atilde;o Paulo e cinco filiais da Rede Globo.<\/p>\n<p>&quot;As concess&otilde;es materializam as quest&otilde;es combatidas pelos movimentos sociais, como o monop&oacute;lio das grandes emissoras&quot;, avalia Jo&atilde;o Brant, coordenador do Intervozes, lembrando que &eacute; por meio desse sistema que se eterniza o poder na m&atilde;o de algumas emissoras. Brant acredita que ampliar a sensibiliza&ccedil;&atilde;o sobre o assunto pode ser um caminho vi&aacute;vel para&nbsp;que&nbsp;&ldquo;esse velho oeste&rdquo; no campo das outorgas se torne um mecanismo como realmente deveria ser: p&uacute;blico. <\/p>\n<p>Antonio Carlos Spis, membro da Executiva Nacional da CUT, argumenta que n&atilde;o &eacute; poss&iacute;vel ter concess&atilde;o de nada que &eacute; publico sem o m&iacute;nimo de controle social, e esse controle social adv&eacute;m das renova&ccedil;&otilde;es das mesmas. &ldquo;O que temos hoje, s&atilde;o algumas empresas que t&ecirc;m &#39;m&atilde;o grande&#39; no sinal&rdquo;, exp&otilde;e, considerando inadmiss&iacute;vel que o governo Lula n&atilde;o ou&ccedil;a esse f&oacute;rum. &ldquo;N&oacute;s vamos fazer chegar at&eacute; ele esse pleito, essa reivindica&ccedil;&atilde;o, para realmente criarmos condicionantes para renova&ccedil;&atilde;o de qualquer tipo de permiss&atilde;o de sinal p&uacute;blico de TV&rdquo;, afirma. <\/p>\n<p>A democratiza&ccedil;&atilde;o dos meios de comunica&ccedil;&atilde;o passa pela realiza&ccedil;&atilde;o de uma Confer&ecirc;ncia Nacional de Comunica&ccedil;&atilde;o, analisa Rosane Bertotti, secret&aacute;ria de Comunica&ccedil;&atilde;o da CUT Nacional. &ldquo;Se as concess&otilde;es s&atilde;o p&uacute;blicas, elas precisam passar por um processo de discuss&atilde;o, aprova&ccedil;&atilde;o, esclarecimento e participa&ccedil;&atilde;o da sociedade, e &eacute; em vista disso que estaremos realizando os debates&rdquo;, finaliza.&nbsp;<\/p>\n<p><img loading=\"lazy\" decoding=\"async\" src=\"images\/stories\/politica_publicacoes\/c_invertido_pq.png\" alt=\"Active Image\" width=\"15\" height=\"15\" \/><\/p>\n","protected":false},"excerpt":{"rendered":"<p>Colocar gente na rua para combater&nbsp;um sistema de concess&otilde;es que se assemelha ao &ldquo;velho oeste&rdquo; &eacute; o mote que une as entidades da Coordena&ccedil;&atilde;o dos Movimentos Sociais (CMS). Debater os crit&eacute;rios democr&aacute;ticos para renova&ccedil;&otilde;es e a amplia&ccedil;&atilde;o da participa&ccedil;&atilde;o popular da sociedade, ser&atilde;o princ&iacute;pios-chaves na discuss&atilde;o das outorgas p&uacute;blicas de radiodifus&atilde;o. Com o intuito de &hellip; <a href=\"https:\/\/obscom.intervozes.org.br\/?p=19106\" class=\"more-link\">Continue lendo <span class=\"screen-reader-text\">Movimentos se unem para discutir concess\u00f5es p\u00fablicas de R\u00e1dio e TV<\/span> <span class=\"meta-nav\">&rarr;<\/span><\/a><\/p>\n","protected":false},"author":1,"featured_media":0,"comment_status":"open","ping_status":"open","sticky":false,"template":"","format":"standard","meta":{"footnotes":""},"categories":[40],"tags":[230],"_links":{"self":[{"href":"https:\/\/obscom.intervozes.org.br\/index.php?rest_route=\/wp\/v2\/posts\/19106"}],"collection":[{"href":"https:\/\/obscom.intervozes.org.br\/index.php?rest_route=\/wp\/v2\/posts"}],"about":[{"href":"https:\/\/obscom.intervozes.org.br\/index.php?rest_route=\/wp\/v2\/types\/post"}],"author":[{"embeddable":true,"href":"https:\/\/obscom.intervozes.org.br\/index.php?rest_route=\/wp\/v2\/users\/1"}],"replies":[{"embeddable":true,"href":"https:\/\/obscom.intervozes.org.br\/index.php?rest_route=%2Fwp%2Fv2%2Fcomments&post=19106"}],"version-history":[{"count":0,"href":"https:\/\/obscom.intervozes.org.br\/index.php?rest_route=\/wp\/v2\/posts\/19106\/revisions"}],"wp:attachment":[{"href":"https:\/\/obscom.intervozes.org.br\/index.php?rest_route=%2Fwp%2Fv2%2Fmedia&parent=19106"}],"wp:term":[{"taxonomy":"category","embeddable":true,"href":"https:\/\/obscom.intervozes.org.br\/index.php?rest_route=%2Fwp%2Fv2%2Fcategories&post=19106"},{"taxonomy":"post_tag","embeddable":true,"href":"https:\/\/obscom.intervozes.org.br\/index.php?rest_route=%2Fwp%2Fv2%2Ftags&post=19106"}],"curies":[{"name":"wp","href":"https:\/\/api.w.org\/{rel}","templated":true}]}}