{"id":19090,"date":"2007-08-29T13:33:12","date_gmt":"2007-08-29T13:33:12","guid":{"rendered":"https:\/\/obscom.intervozes.org.br\/wordpress\/?p=19090"},"modified":"2007-08-29T13:33:12","modified_gmt":"2007-08-29T13:33:12","slug":"justica-proibe-telefonica-de-exigir-provedor-de-internet","status":"publish","type":"post","link":"https:\/\/obscom.intervozes.org.br\/?p=19090","title":{"rendered":"Justi\u00e7a pro\u00edbe Telef\u00f4nica de exigir provedor de internet"},"content":{"rendered":"<p>A Telef&ocirc;nica est&aacute; proibida de exigir que os usu&aacute;rios do servi&ccedil;o de banda larga &mdash; Speedy, de todo o estado de S&atilde;o Paulo, contratem paralelamente um provedor de acesso como UOL, Terra e iG. A determina&ccedil;&atilde;o &eacute; do juiz Marcelo Freiberger Zandavali, da 3&ordf; Vara Federal de Bauru. A empresa vai recorrer. A a&ccedil;&atilde;o foi proposta pelo Minist&eacute;rio P&uacute;blico Federal, que considerou a exig&ecirc;ncia do provedor &ldquo;como venda de servi&ccedil;o em opera&ccedil;&atilde;o casada&rdquo;. Para Zandavali, o MPF conseguiu comprovar a pr&aacute;tica de &#39;venda casada&#39;, vetada pelo C&oacute;digo de Defesa do Consumidor. <\/p>\n<p>A empresa tem, agora, prazo de 30 dias para comunicar a desobriga&ccedil;&atilde;o aos seus assinantes. Al&eacute;m disso, ter&aacute; de ressarcir os gastos que os clientes tiveram com provedor, acrescidos de juros e corre&ccedil;&atilde;o monet&aacute;ria, a partir de setembro de 2003. Caso a empresa n&atilde;o cumpra a determina&ccedil;&atilde;o, dever&aacute; pagar multa de R$ 36 milh&otilde;es relativa ao primeiro m&ecirc;s de desobedi&ecirc;ncia e R$ 1,2 milh&atilde;o por dia que exceder ao per&iacute;odo inicial. <\/p>\n<p>Por meio de sua assessoria de impressa, a Telef&ocirc;nica informou que cumpre a regulamenta&ccedil;&atilde;o em vigor, estabelecida pela Ag&ecirc;ncia Nacional de Telecomunica&ccedil;&otilde;es (Anatel). A Anatel n&atilde;o permite a concession&aacute;rias de telefonia a presta&ccedil;&atilde;o de servi&ccedil;os de valor adicionado, como &eacute; o caso do acesso &agrave; internet.<\/p>\n<p>As informa&ccedil;&otilde;es s&atilde;o do&nbsp;Consultor Jur&iacute;dico.<\/p>\n","protected":false},"excerpt":{"rendered":"<p>A Telef&ocirc;nica est&aacute; proibida de exigir que os usu&aacute;rios do servi&ccedil;o de banda larga &mdash; Speedy, de todo o estado de S&atilde;o Paulo, contratem paralelamente um provedor de acesso como UOL, Terra e iG. A determina&ccedil;&atilde;o &eacute; do juiz Marcelo Freiberger Zandavali, da 3&ordf; Vara Federal de Bauru. A empresa vai recorrer. A a&ccedil;&atilde;o foi &hellip; <a href=\"https:\/\/obscom.intervozes.org.br\/?p=19090\" class=\"more-link\">Continue lendo <span class=\"screen-reader-text\">Justi\u00e7a pro\u00edbe Telef\u00f4nica de exigir provedor de internet<\/span> <span class=\"meta-nav\">&rarr;<\/span><\/a><\/p>\n","protected":false},"author":1,"featured_media":0,"comment_status":"open","ping_status":"open","sticky":false,"template":"","format":"standard","meta":{"footnotes":""},"categories":[39],"tags":[66],"_links":{"self":[{"href":"https:\/\/obscom.intervozes.org.br\/index.php?rest_route=\/wp\/v2\/posts\/19090"}],"collection":[{"href":"https:\/\/obscom.intervozes.org.br\/index.php?rest_route=\/wp\/v2\/posts"}],"about":[{"href":"https:\/\/obscom.intervozes.org.br\/index.php?rest_route=\/wp\/v2\/types\/post"}],"author":[{"embeddable":true,"href":"https:\/\/obscom.intervozes.org.br\/index.php?rest_route=\/wp\/v2\/users\/1"}],"replies":[{"embeddable":true,"href":"https:\/\/obscom.intervozes.org.br\/index.php?rest_route=%2Fwp%2Fv2%2Fcomments&post=19090"}],"version-history":[{"count":0,"href":"https:\/\/obscom.intervozes.org.br\/index.php?rest_route=\/wp\/v2\/posts\/19090\/revisions"}],"wp:attachment":[{"href":"https:\/\/obscom.intervozes.org.br\/index.php?rest_route=%2Fwp%2Fv2%2Fmedia&parent=19090"}],"wp:term":[{"taxonomy":"category","embeddable":true,"href":"https:\/\/obscom.intervozes.org.br\/index.php?rest_route=%2Fwp%2Fv2%2Fcategories&post=19090"},{"taxonomy":"post_tag","embeddable":true,"href":"https:\/\/obscom.intervozes.org.br\/index.php?rest_route=%2Fwp%2Fv2%2Ftags&post=19090"}],"curies":[{"name":"wp","href":"https:\/\/api.w.org\/{rel}","templated":true}]}}