{"id":19087,"date":"2007-08-29T13:12:32","date_gmt":"2007-08-29T13:12:32","guid":{"rendered":"https:\/\/obscom.intervozes.org.br\/wordpress\/?p=19087"},"modified":"2007-08-29T13:12:32","modified_gmt":"2007-08-29T13:12:32","slug":"3o-festival-nacional-de-videos-universitarios-comeca-nesta-quarta-em-vitoria-es","status":"publish","type":"post","link":"https:\/\/obscom.intervozes.org.br\/?p=19087","title":{"rendered":"3\u00ba Festival Nacional de V\u00eddeos Universit\u00e1rios come\u00e7a nesta quarta em Vit\u00f3ria (ES)"},"content":{"rendered":"<p>O 3&ordm; Festival Nacional de V&iacute;deos Universit&aacute;rios &#8211; REC 2007 acontece de 29 a 31 de agosto em Vit&oacute;ria, no Esp&iacute;rito Santo. Ser&atilde;o exibidos 70 v&iacute;deos, sendo 47 na Mostra Competitiva e 23 na Mostra Livre. Uma das atra&ccedil;&otilde;es do festival ser&aacute; a presen&ccedil;a do diretor Jorge Furtado, que participar&aacute; de uma sess&atilde;o comentada do filme &quot;Saneamento B&aacute;sico&quot; e dar&aacute; uma palestra sobre produ&ccedil;&atilde;o de cinema fora do eixo Rio &#8211; S&atilde;o Paulo e as possibilidades do cinema digital. <\/p>\n","protected":false},"excerpt":{"rendered":"<p>O 3&ordm; Festival Nacional de V&iacute;deos Universit&aacute;rios &#8211; REC 2007 acontece de 29 a 31 de agosto em Vit&oacute;ria, no Esp&iacute;rito Santo. Ser&atilde;o exibidos 70 v&iacute;deos, sendo 47 na Mostra Competitiva e 23 na Mostra Livre. Uma das atra&ccedil;&otilde;es do festival ser&aacute; a presen&ccedil;a do diretor Jorge Furtado, que participar&aacute; de uma sess&atilde;o comentada do &hellip; <a href=\"https:\/\/obscom.intervozes.org.br\/?p=19087\" class=\"more-link\">Continue lendo <span class=\"screen-reader-text\">3\u00ba Festival Nacional de V\u00eddeos Universit\u00e1rios come\u00e7a nesta quarta em Vit\u00f3ria (ES)<\/span> <span class=\"meta-nav\">&rarr;<\/span><\/a><\/p>\n","protected":false},"author":1,"featured_media":0,"comment_status":"open","ping_status":"open","sticky":false,"template":"","format":"standard","meta":{"footnotes":""},"categories":[39],"tags":[],"_links":{"self":[{"href":"https:\/\/obscom.intervozes.org.br\/index.php?rest_route=\/wp\/v2\/posts\/19087"}],"collection":[{"href":"https:\/\/obscom.intervozes.org.br\/index.php?rest_route=\/wp\/v2\/posts"}],"about":[{"href":"https:\/\/obscom.intervozes.org.br\/index.php?rest_route=\/wp\/v2\/types\/post"}],"author":[{"embeddable":true,"href":"https:\/\/obscom.intervozes.org.br\/index.php?rest_route=\/wp\/v2\/users\/1"}],"replies":[{"embeddable":true,"href":"https:\/\/obscom.intervozes.org.br\/index.php?rest_route=%2Fwp%2Fv2%2Fcomments&post=19087"}],"version-history":[{"count":0,"href":"https:\/\/obscom.intervozes.org.br\/index.php?rest_route=\/wp\/v2\/posts\/19087\/revisions"}],"wp:attachment":[{"href":"https:\/\/obscom.intervozes.org.br\/index.php?rest_route=%2Fwp%2Fv2%2Fmedia&parent=19087"}],"wp:term":[{"taxonomy":"category","embeddable":true,"href":"https:\/\/obscom.intervozes.org.br\/index.php?rest_route=%2Fwp%2Fv2%2Fcategories&post=19087"},{"taxonomy":"post_tag","embeddable":true,"href":"https:\/\/obscom.intervozes.org.br\/index.php?rest_route=%2Fwp%2Fv2%2Ftags&post=19087"}],"curies":[{"name":"wp","href":"https:\/\/api.w.org\/{rel}","templated":true}]}}