{"id":19086,"date":"2007-08-29T13:07:25","date_gmt":"2007-08-29T13:07:25","guid":{"rendered":"https:\/\/obscom.intervozes.org.br\/wordpress\/?p=19086"},"modified":"2007-08-29T13:07:25","modified_gmt":"2007-08-29T13:07:25","slug":"ministerio-das-comunicacoes-e-cade-divergem-sobre-convergencia","status":"publish","type":"post","link":"https:\/\/obscom.intervozes.org.br\/?p=19086","title":{"rendered":"Minist\u00e9rio das Comunica\u00e7\u00f5es e Cade divergem sobre converg\u00eancia"},"content":{"rendered":"<p>Em mais uma audi&ecirc;ncia sobre os projetos de lei que estabelecem regras para a produ&ccedil;&atilde;o, distribui&ccedil;&atilde;o e provimento de conte&uacute;do, o Minist&eacute;rio das Comunica&ccedil;&otilde;es e o Conselho Administrativo de Defesa Econ&ocirc;mica (Cade) bateram de frente sobre o futuro concorrencial das comunica&ccedil;&otilde;es em um ambiente convergente. Enquanto o Minicom adotou um discurso alinhado com a vis&atilde;o dos radiodifusores, o Cade apoiou a an&aacute;lise defendida pelas teles. Os representantes do minist&eacute;rio presentes na reuni&atilde;o realizada nesta ter&ccedil;a-feira, 28, na C&acirc;mara dos Deputados, chegaram a defender que se mantenham legisla&ccedil;&otilde;es separadas para telecomunica&ccedil;&otilde;es e radiodifus&atilde;o.<\/p>\n<p>&quot;Telecomunica&ccedil;&otilde;es e radiodifus&atilde;o s&atilde;o servi&ccedil;os distintos e n&atilde;o creio que esses dois servi&ccedil;os tenham converg&ecirc;ncia expl&iacute;cita&quot;, declarou o secret&aacute;rio de telecomunica&ccedil;&otilde;es, Roberto Pinto Martins. Na opini&atilde;o do secret&aacute;rio, a concorr&ecirc;ncia ser&aacute; estabelecida pela diversidade tecnol&oacute;gica e n&atilde;o pela converg&ecirc;ncia dos servi&ccedil;os. A secret&aacute;ria de Comunica&ccedil;&atilde;o Eletr&ocirc;nica, Zilda Campos, apoiou a an&aacute;lise de Martins, defendendo que telecomunica&ccedil;&otilde;es e radiodifus&atilde;o apenas compartilham os meios de transporte em alguns momentos, mas n&atilde;o devem ser tratados de forma igual.<\/p>\n<p><strong>Isonomia<\/p>\n<p><\/strong>Mas a apresenta&ccedil;&atilde;o mais comentada pelos parlamentares presentes foi a do conselheiro Luiz Delorme Prado, do Cade. Prado fez uma vasta an&aacute;lise do mercado midi&aacute;tico e concluiu que o foco da nova legisla&ccedil;&atilde;o deve ser a unifica&ccedil;&atilde;o das regras de distribui&ccedil;&atilde;o de conte&uacute;do para preservar a concorr&ecirc;ncia. &quot;Se tiver algum tipo de reserva na entrada do mercado, que seja igual para MMDS, DTH e cabo. N&atilde;o tem sentido diferenciar. Sob o ponto de vista do consumidor, essa diferen&ccedil;a &eacute; irrelevante&quot;, avaliou Prado.<\/p>\n<p>O deputado Walter Pinheiro (PT\/BA) concorda com o conselheiro do Cade e acha que &eacute; preciso apressar a cria&ccedil;&atilde;o de uma lei &uacute;nica de comunica&ccedil;&atilde;o. &quot;Essa separa&ccedil;&atilde;o faz parte de um cen&aacute;rio pr&eacute;-concebido para n&oacute;s e que n&atilde;o vale mais&quot;, afirmou o parlamentar.<\/p>\n<p><strong>&quot;Lei do Cabo tem que desaparecer&quot;<br \/><\/strong><br \/>O superintendente de comunica&ccedil;&atilde;o de massa da Anatel, Ara Apkar Minassian, foi ainda mais expl&iacute;cito em sua opini&atilde;o sobre o tema. &quot;A Lei do Cabo, na minha avalia&ccedil;&atilde;o objetiva, tinha que desaparecer&quot;, disse o t&eacute;cnico. Para Minassian, est&aacute; faltando ao setor de telecomunica&ccedil;&otilde;es exercitar dois princ&iacute;pios b&aacute;sicos previstos na Lei Geral de Telecomunica&ccedil;&otilde;es (LGT): o direito ao usu&aacute;rio de ter acesso a diversidade de servi&ccedil;os a pre&ccedil;os justos e o estabelecimento da concorr&ecirc;ncia. A derrubada dessa barreira ao capital estrangeiro imposta pela Lei do Cabo poderia ajudar a consolidar um cen&aacute;rio mais afinado com essas premissas.<\/p>\n<p>Ara Apkar Minassian tamb&eacute;m atacou a inten&ccedil;&atilde;o do relator do projeto, Jorge Bittar (PT\/RJ), de promover o unbundlig das telecomunica&ccedil;&otilde;es no escopo da proposta para o projeto de lei que trata de conte&uacute;dos. A id&eacute;ia de Bittar est&aacute; restrita &agrave;s redes das teles e n&atilde;o se estenderia &agrave;s operadoras de radiodifus&atilde;o. Na opini&atilde;o do superintendente da Anatel, h&aacute; interesse do &oacute;rg&atilde;o regulador em promover a desagrega&ccedil;&atilde;o das redes, mas este n&atilde;o seria o melhor momento para isso. &quot;Existe um plano de a&ccedil;&atilde;o, mas nesse momento, se n&atilde;o olharmos o &#39;macro&#39; desse debate, n&oacute;s vamos acabar atacando pequenos peda&ccedil;os, sem atingir o objetivo&quot;, explicou. <\/p>\n<p><img loading=\"lazy\" decoding=\"async\" src=\"images\/stories\/politica_publicacoes\/c_normal_pq.png\" alt=\"Active Image\" width=\"15\" height=\"15\" \/><\/p>\n","protected":false},"excerpt":{"rendered":"<p>Em mais uma audi&ecirc;ncia sobre os projetos de lei que estabelecem regras para a produ&ccedil;&atilde;o, distribui&ccedil;&atilde;o e provimento de conte&uacute;do, o Minist&eacute;rio das Comunica&ccedil;&otilde;es e o Conselho Administrativo de Defesa Econ&ocirc;mica (Cade) bateram de frente sobre o futuro concorrencial das comunica&ccedil;&otilde;es em um ambiente convergente. Enquanto o Minicom adotou um discurso alinhado com a vis&atilde;o &hellip; <a href=\"https:\/\/obscom.intervozes.org.br\/?p=19086\" class=\"more-link\">Continue lendo <span class=\"screen-reader-text\">Minist\u00e9rio das Comunica\u00e7\u00f5es e Cade divergem sobre converg\u00eancia<\/span> <span class=\"meta-nav\">&rarr;<\/span><\/a><\/p>\n","protected":false},"author":1,"featured_media":0,"comment_status":"open","ping_status":"open","sticky":false,"template":"","format":"standard","meta":{"footnotes":""},"categories":[40],"tags":[95],"_links":{"self":[{"href":"https:\/\/obscom.intervozes.org.br\/index.php?rest_route=\/wp\/v2\/posts\/19086"}],"collection":[{"href":"https:\/\/obscom.intervozes.org.br\/index.php?rest_route=\/wp\/v2\/posts"}],"about":[{"href":"https:\/\/obscom.intervozes.org.br\/index.php?rest_route=\/wp\/v2\/types\/post"}],"author":[{"embeddable":true,"href":"https:\/\/obscom.intervozes.org.br\/index.php?rest_route=\/wp\/v2\/users\/1"}],"replies":[{"embeddable":true,"href":"https:\/\/obscom.intervozes.org.br\/index.php?rest_route=%2Fwp%2Fv2%2Fcomments&post=19086"}],"version-history":[{"count":0,"href":"https:\/\/obscom.intervozes.org.br\/index.php?rest_route=\/wp\/v2\/posts\/19086\/revisions"}],"wp:attachment":[{"href":"https:\/\/obscom.intervozes.org.br\/index.php?rest_route=%2Fwp%2Fv2%2Fmedia&parent=19086"}],"wp:term":[{"taxonomy":"category","embeddable":true,"href":"https:\/\/obscom.intervozes.org.br\/index.php?rest_route=%2Fwp%2Fv2%2Fcategories&post=19086"},{"taxonomy":"post_tag","embeddable":true,"href":"https:\/\/obscom.intervozes.org.br\/index.php?rest_route=%2Fwp%2Fv2%2Ftags&post=19086"}],"curies":[{"name":"wp","href":"https:\/\/api.w.org\/{rel}","templated":true}]}}