{"id":19083,"date":"2007-08-28T16:06:45","date_gmt":"2007-08-28T16:06:45","guid":{"rendered":"https:\/\/obscom.intervozes.org.br\/wordpress\/?p=19083"},"modified":"2007-08-28T16:06:45","modified_gmt":"2007-08-28T16:06:45","slug":"sp-precisa-de-mais-canais-para-comunitarias-admite-anatel","status":"publish","type":"post","link":"https:\/\/obscom.intervozes.org.br\/?p=19083","title":{"rendered":"SP precisa de mais canais para comunit\u00e1rias, admite Anatel"},"content":{"rendered":"<p style=\"margin: 0cm 0cm 0pt\" class=\"MsoNormal\"><span>H&aacute; cerca de nove meses, as emissoras comunit&aacute;rias de S&atilde;o Paulo que buscam sua regulariza&ccedil;&atilde;o junto ao Minist&eacute;rio das Comunica&ccedil;&otilde;es enfrentam uma situa&ccedil;&atilde;o dram&aacute;tica. No final de 2006, o MiniCom lan&ccedil;ou um aviso de habilita&ccedil;&atilde;o para o munic&iacute;pio, e a partir da&iacute; as r&aacute;dios deram in&iacute;cio ao processo de solicita&ccedil;&atilde;o de outorga para explora&ccedil;&atilde;o do servi&ccedil;o. Ao longo do processo, ficou claro aquilo de que muitos j&aacute; suspeitavam: a oferta de apenas um canal comunit&aacute;rio, como prev&ecirc; a regulamenta&ccedil;&atilde;o para o setor, &eacute; invi&aacute;vel para cidades como S&atilde;o Paulo. Ao todo 117 associa&ccedil;&otilde;es foram consideradas aptas para receber a autoriza&ccedil;&atilde;o, mas, seguindo as normas atuais, dificilmente haver&aacute; espa&ccedil;o para mais de 40 r&aacute;dios. O que os &uacute;ltimos acontecimentos revelam &eacute; a dificuldade de achar, nessa regulamenta&ccedil;&atilde;o t&eacute;cnica, uma solu&ccedil;&atilde;o seguindo as regras definidas pela lei e pelo pr&oacute;prio minist&eacute;rio.&nbsp;<\/p>\n<p><\/span><span>Na semana passada, durante a realiza&ccedil;&atilde;o da 12&ordf; Mesa de Trabalho &ndash; espa&ccedil;o proposto por organiza&ccedil;&otilde;es da sociedade civil em apoio &agrave;s r&aacute;dios comunit&aacute;rias, e que conta tamb&eacute;m com a participa&ccedil;&atilde;o do Minist&eacute;rio das Comunica&ccedil;&otilde;es e das associa&ccedil;&otilde;es comunit&aacute;rias que pleiteiam autoriza&ccedil;&atilde;o &ndash; a Anatel admitiu publicamente que &eacute; preciso mais de um canal para as r&aacute;dios da cidade. &ldquo;Em S&atilde;o Paulo, a solu&ccedil;&atilde;o pela atual regulamenta&ccedil;&atilde;o t&eacute;cnica n&atilde;o &eacute; aplic&aacute;vel&rdquo;, disse Yapir Marotta, da superintend&ecirc;ncia de comunica&ccedil;&atilde;o de massa da Ag&ecirc;ncia Nacional de Telecomunica&ccedil;&otilde;es.<\/p>\n<p><\/span><span>Pelo grande n&uacute;mero de r&aacute;dios, pela proximidade entre elas, pelo relevo da cidade, pela falta de precis&atilde;o nos estudos do Minist&eacute;rio e pelas restri&ccedil;&otilde;es legais,&nbsp; &ldquo;n&atilde;o se resolve a situa&ccedil;&atilde;o em S&atilde;o Paulo sem aumentar o n&uacute;mero de canais&rdquo;, afirmou Marotta. A coordenadora de servi&ccedil;o de radiodifus&atilde;o comunit&aacute;ria do Minicom, Alexandra Costa, tamb&eacute;m admitiu que &ldquo;a discuss&atilde;o do canal &uacute;nico tem que ser encarada&rdquo;. <\/p>\n<p><\/span><span>Na avalia&ccedil;&atilde;o da advogada Anna Claudia Vazzoler, do Escrit&oacute;rio Modelo D. Paulo Evaristo Arns (PUC-SP), que presta assessoria jur&iacute;dica &agrave;s r&aacute;dios comunit&aacute;rias, o objetivo das entidades envolvidas no processo &eacute; tentar modificar o artigo que determina para todas as cidades brasileiras a exist&ecirc;ncia de apenas um canal para as comunit&aacute;rias. A inten&ccedil;&atilde;o &eacute; permitir uma flexibiliza&ccedil;&atilde;o e considerar a necessidade espec&iacute;fica de cada munic&iacute;pio.<\/p>\n<p><\/span><span>De acordo com o engenheiro de telecomunica&ccedil;&otilde;es Arlindo Marques J&uacute;nior, o Minist&eacute;rio poderia autorizar mais outorgas do que quer para as comunit&aacute;rias se fizesse um estudo aprofundado do relevo paulistano. Para definir as &aacute;reas em que as r&aacute;dios poder&atilde;o atuar, o MiniCom utilizou um mapa plano da cidade. Dessa maneira, ignorou o relevo do munic&iacute;pio, que interfere na propaga&ccedil;&atilde;o de sinal. Um estudo mais preciso permitiria, para Arlindo J&uacute;nior, otimizar o uso do espectro, mesmo n&atilde;o sendo poss&iacute;vel acomodar as 117 r&aacute;dios.<\/p>\n<p><\/span><span><strong>Pelos pontos<\/p>\n<p><\/strong><\/span><span>Na dire&ccedil;&atilde;o oposta do que reivindicam as emissoras e entidades, o Minist&eacute;rio das Comunica&ccedil;&otilde;es apresentou uma proposta de defini&ccedil;&atilde;o de 33 &aacute;reas de execu&ccedil;&atilde;o no munic&iacute;pio. A proposta, entretanto, n&atilde;o se sustenta tecnicamente, e mant&eacute;m diversos problemas de sobreposi&ccedil;&atilde;o de alcance das r&aacute;dios. Al&eacute;m disso, o procedimento do Minist&eacute;rio pulou etapas. <\/p>\n<p><\/span><span>No cronograma previsto pela lei, ap&oacute;s a publica&ccedil;&atilde;o das 117 associa&ccedil;&otilde;es aptas, caberia ao minist&eacute;rio promover o entendimento entre elas para que haja composi&ccedil;&atilde;o nas &aacute;reas em que h&aacute; mais de um interessado. N&atilde;o se viabilizando a composi&ccedil;&atilde;o, o desempate se daria levando em conta os apoios recebidos pelas r&aacute;dios, a partir de um sistema de pontua&ccedil;&atilde;o que d&aacute; pesos diferentes para apoios individuais e institucionais.<\/p>\n<p><\/span><span>No entanto, h&aacute; cerca de tr&ecirc;s semanas, o governo divulgou a lista definitiva das entidades aptas j&aacute; com a pontua&ccedil;&atilde;o obtida por cada uma. Para S&eacute;rgio Gomes, jornalista e diretor da OBOR&Eacute;, uma das entidades promotoras das mesas de trabalho, isso dificultar&aacute; qualquer acordo de composi&ccedil;&atilde;o, pois levar&aacute; as r&aacute;dios que j&aacute; t&ecirc;m um alto n&uacute;mero de pontos a se acomodarem. <\/p>\n<p><\/span><span>Entidades que est&atilde;o no p&aacute;reo tamb&eacute;m reclamam da falta de postura ativa do minist&eacute;rio nesse processo, que contraria o que prop&otilde;e a lei. &ldquo;Eles simplesmente definiram os grupos e cada r&aacute;dio vai ter que tentar se entender com as que est&atilde;o na mesma regi&atilde;o&rdquo;, diz Ju&ccedil;ara Terezinha Zottis, da Associa&ccedil;&atilde;o Cantareira. Arlindo&nbsp; J&uacute;nior fez coro: &ldquo;O que o Minist&eacute;rio fez foi dar uma faca para cada um, jogar todos numa cova e dizer &lsquo;voc&ecirc;s se resolvam&#39;&rdquo;.<\/p>\n<p><\/span><span>Essa an&aacute;lise &eacute; considerada equivocada por Alexandra Costa, do Minist&eacute;rio das Comunica&ccedil;&otilde;es, que afirma que &ldquo;por experi&ecirc;ncia&rdquo; sabe que essa &eacute; a maneira mais tranq&uuml;ila de realizar o processo. &ldquo;Dessa maneira [divulgando a pontua&ccedil;&atilde;o] &eacute; mais f&aacute;cil chegar a um acordo do que quando n&atilde;o esses dados n&atilde;o s&atilde;o tornados p&uacute;blicos, por incr&iacute;vel que pare&ccedil;a&rdquo;.<\/p>\n<p><\/span><span><strong>Daqui pra frente<\/p>\n<p><\/strong><\/span><span>O impasse tem poucas sa&iacute;das poss&iacute;veis sem que haja, no m&iacute;nimo, a considera&ccedil;&atilde;o de S&atilde;o Paulo como caso de exce&ccedil;&atilde;o em rela&ccedil;&atilde;o a legisla&ccedil;&atilde;o atual. Entre os encaminhamentos da 12&ordf; Mesa de Trabalho est&aacute; a apresenta&ccedil;&atilde;o de uma carta ao Minist&eacute;rio das Comunica&ccedil;&otilde;es propondo um compromisso pol&iacute;tico pelo aumento de canais e pela flexibiliza&ccedil;&atilde;o das caracter&iacute;sticas t&eacute;cnicas, condi&ccedil;&atilde;o para solucionar a quest&atilde;o das r&aacute;dios comunit&aacute;rias em S&atilde;o Paulo e a realiza&ccedil;&atilde;o de um semin&aacute;rio de alto n&iacute;vel sobre o uso e ocupa&ccedil;&atilde;o do espectro em S&atilde;o Paulo.<\/p>\n<p><\/span><span>As entidades envolvidas tamb&eacute;m querem que o Minist&eacute;rio das Comunica&ccedil;&otilde;es chame uma plen&aacute;ria com todas as 117 associa&ccedil;&otilde;es para trabalhar ativamente pela composi&ccedil;&atilde;o entre elas. Al&eacute;m disso, planejam para o dia 3 de setembro uma reuni&atilde;o com a deputada Luiza Erundina, que preside a subcomiss&atilde;o de outorgas de radiodifus&atilde;o dentro da Comiss&atilde;o de Ci&ecirc;ncia e Tecnologia, Comunica&ccedil;&atilde;o e Inform&aacute;tica, para apresentar propostas de mudan&ccedil;as na lei 9.612\/98, que regula o tema. <\/p>\n<p><\/span><img loading=\"lazy\" decoding=\"async\" src=\"images\/stories\/politica_publicacoes\/c_invertido_pq.png\" alt=\"Active Image\" width=\"15\" height=\"15\" \/><\/p>\n","protected":false},"excerpt":{"rendered":"<p>H\u00e1 nove meses, as emissoras comunit\u00e1rias de S\u00e3o Paulo que buscam sua regulariza\u00e7\u00e3o junto ao Minist\u00e9rio das Comunica\u00e7\u00f5es enfrentam uma situa\u00e7\u00e3o dram\u00e1tica. 117 associa\u00e7\u00f5es foram consideradas aptas, mas pelas normas atuais n\u00e3o haver\u00e1 espa\u00e7o para mais de 40 r\u00e1dios.<\/p>\n","protected":false},"author":1,"featured_media":0,"comment_status":"open","ping_status":"open","sticky":false,"template":"","format":"standard","meta":{"footnotes":""},"categories":[40],"tags":[155],"_links":{"self":[{"href":"https:\/\/obscom.intervozes.org.br\/index.php?rest_route=\/wp\/v2\/posts\/19083"}],"collection":[{"href":"https:\/\/obscom.intervozes.org.br\/index.php?rest_route=\/wp\/v2\/posts"}],"about":[{"href":"https:\/\/obscom.intervozes.org.br\/index.php?rest_route=\/wp\/v2\/types\/post"}],"author":[{"embeddable":true,"href":"https:\/\/obscom.intervozes.org.br\/index.php?rest_route=\/wp\/v2\/users\/1"}],"replies":[{"embeddable":true,"href":"https:\/\/obscom.intervozes.org.br\/index.php?rest_route=%2Fwp%2Fv2%2Fcomments&post=19083"}],"version-history":[{"count":0,"href":"https:\/\/obscom.intervozes.org.br\/index.php?rest_route=\/wp\/v2\/posts\/19083\/revisions"}],"wp:attachment":[{"href":"https:\/\/obscom.intervozes.org.br\/index.php?rest_route=%2Fwp%2Fv2%2Fmedia&parent=19083"}],"wp:term":[{"taxonomy":"category","embeddable":true,"href":"https:\/\/obscom.intervozes.org.br\/index.php?rest_route=%2Fwp%2Fv2%2Fcategories&post=19083"},{"taxonomy":"post_tag","embeddable":true,"href":"https:\/\/obscom.intervozes.org.br\/index.php?rest_route=%2Fwp%2Fv2%2Ftags&post=19083"}],"curies":[{"name":"wp","href":"https:\/\/api.w.org\/{rel}","templated":true}]}}