{"id":19078,"date":"2007-08-27T17:09:13","date_gmt":"2007-08-27T17:09:13","guid":{"rendered":"https:\/\/obscom.intervozes.org.br\/wordpress\/?p=19078"},"modified":"2007-08-27T17:09:13","modified_gmt":"2007-08-27T17:09:13","slug":"congresso-audiencia-discute-regulacao-na-convergencia","status":"publish","type":"post","link":"https:\/\/obscom.intervozes.org.br\/?p=19078","title":{"rendered":"Congresso: audi\u00eancia discute regula\u00e7\u00e3o na converg\u00eancia"},"content":{"rendered":"<p style=\"margin: 0cm 0cm 6pt\" class=\"MsoBodyText\"><span>A Comiss&atilde;o de Ci&ecirc;ncia Tecnologia Comunica&ccedil;&atilde;o e Inform&aacute;tica da C&acirc;mara dos Deputados realiza, no pr&oacute;ximo dia 28 de agosto, uma audi&ecirc;ncia p&uacute;blica para discutir possibilidades de regula&ccedil;&atilde;o diante da converg&ecirc;ncia tecnol&oacute;gica.<\/p>\n<p>Na pauta da audi&ecirc;ncia est&aacute; o <a href=\"http:\/\/www.camara.gov.br\/sileg\/MostrarIntegra.asp?CodTeor=433799\">Projeto de Lei n&uacute;mero 29 de 2007<\/a>, de autoria do deputado Paulo Bornhausen (PFL -SC) e que tem apensados os projetos n&uacute;mero 70\/2007 e n&uacute;mero 332\/2007 dos deputados Nelson Marquezelli (PTB-SP) e Paulo Teixeira (PT-SP).<\/p>\n<p>A audi&ecirc;ncia ter&aacute; como expositores o&nbsp; Ministro das Comunica&ccedil;&otilde;es, Helio Costa; o presidente da Anatel, Ronaldo Sardenberg; a Secret&aacute;ria de Servi&ccedil;os de Comunica&ccedil;&atilde;o Eletr&ocirc;nica, Zilda Campos; A Presidente do Conselho Administrativo de Defesa Econ&ocirc;mica &ndash; CADE, Elisabeth Farina; o Presidente da Associa&ccedil;&atilde;o Brasileira de Raiodifus&atilde;o Comunit&aacute;ria &ndash; ABRA&Ccedil;O, Joaquim Carvalho; e o Presidente da Ag&ecirc;ncia Nacional de Cinema &ndash; ANCINE, Manoel Rangel.<\/p>\n<p>A audi&ecirc;ncia est&aacute; marcada para as 15h no Plen&aacute;rio 13.<\/span><\/p>\n","protected":false},"excerpt":{"rendered":"<p>A Comiss&atilde;o de Ci&ecirc;ncia Tecnologia Comunica&ccedil;&atilde;o e Inform&aacute;tica da C&acirc;mara dos Deputados realiza, no pr&oacute;ximo dia 28 de agosto, uma audi&ecirc;ncia p&uacute;blica para discutir possibilidades de regula&ccedil;&atilde;o diante da converg&ecirc;ncia tecnol&oacute;gica. Na pauta da audi&ecirc;ncia est&aacute; o Projeto de Lei n&uacute;mero 29 de 2007, de autoria do deputado Paulo Bornhausen (PFL -SC) e que tem &hellip; <a href=\"https:\/\/obscom.intervozes.org.br\/?p=19078\" class=\"more-link\">Continue lendo <span class=\"screen-reader-text\">Congresso: audi\u00eancia discute regula\u00e7\u00e3o na converg\u00eancia<\/span> <span class=\"meta-nav\">&rarr;<\/span><\/a><\/p>\n","protected":false},"author":1,"featured_media":0,"comment_status":"open","ping_status":"open","sticky":false,"template":"","format":"standard","meta":{"footnotes":""},"categories":[39],"tags":[],"_links":{"self":[{"href":"https:\/\/obscom.intervozes.org.br\/index.php?rest_route=\/wp\/v2\/posts\/19078"}],"collection":[{"href":"https:\/\/obscom.intervozes.org.br\/index.php?rest_route=\/wp\/v2\/posts"}],"about":[{"href":"https:\/\/obscom.intervozes.org.br\/index.php?rest_route=\/wp\/v2\/types\/post"}],"author":[{"embeddable":true,"href":"https:\/\/obscom.intervozes.org.br\/index.php?rest_route=\/wp\/v2\/users\/1"}],"replies":[{"embeddable":true,"href":"https:\/\/obscom.intervozes.org.br\/index.php?rest_route=%2Fwp%2Fv2%2Fcomments&post=19078"}],"version-history":[{"count":0,"href":"https:\/\/obscom.intervozes.org.br\/index.php?rest_route=\/wp\/v2\/posts\/19078\/revisions"}],"wp:attachment":[{"href":"https:\/\/obscom.intervozes.org.br\/index.php?rest_route=%2Fwp%2Fv2%2Fmedia&parent=19078"}],"wp:term":[{"taxonomy":"category","embeddable":true,"href":"https:\/\/obscom.intervozes.org.br\/index.php?rest_route=%2Fwp%2Fv2%2Fcategories&post=19078"},{"taxonomy":"post_tag","embeddable":true,"href":"https:\/\/obscom.intervozes.org.br\/index.php?rest_route=%2Fwp%2Fv2%2Ftags&post=19078"}],"curies":[{"name":"wp","href":"https:\/\/api.w.org\/{rel}","templated":true}]}}