{"id":19074,"date":"2007-08-27T15:17:26","date_gmt":"2007-08-27T15:17:26","guid":{"rendered":"https:\/\/obscom.intervozes.org.br\/wordpress\/?p=19074"},"modified":"2007-08-27T15:17:26","modified_gmt":"2007-08-27T15:17:26","slug":"rede-universitaria-sera-modelo-para-integracao-da-tv-publica-digital","status":"publish","type":"post","link":"https:\/\/obscom.intervozes.org.br\/?p=19074","title":{"rendered":"Rede universit\u00e1ria ser\u00e1 modelo para integra\u00e7\u00e3o da TV p\u00fablica digital"},"content":{"rendered":"<p>Ainda n&atilde;o se sabe se a TV Brasil, a nova rede de TVs p&uacute;blicas brasileiras, ser&aacute; constitu&iacute;da por decreto ou por projeto de lei. Mas uma decis&atilde;o j&aacute; foi tomada: ela ser&aacute; digital. A torre da TV Cultura, em S&atilde;o Paulo, receber&aacute; um transmissor moderno e potente, com capacidade para fazer multiprograma&ccedil;&atilde;o e interatividade. <\/p>\n<p>&#8211; Radiobr&aacute;s tem uma parceria com a TV Cultura para transmitir digitalmente, as duas, a partir do dia 2 de dezembro, usando a torre da TV Cultura de S&atilde;o Paulo. Os equipamentos que est&atilde;o sendo adquiridos pela TV Brasil e pela Funda&ccedil;&atilde;o Padre Anchieta, em S&atilde;o Paulo, nos d&atilde;o apossibilidade de fazer multiprograma&ccedil;&atilde;o e interatividade, disse nesta sexta-feira Delcimar Martins, assessor especial da SECOM, durante o primeiro Workshop para a TV P&uacute;blica, realizado na Bahia pela Abepec, Associa&ccedil;&atilde;o Brasileira das Emissoras P&uacute;blicas, Educativas e Culturais.<\/p>\n<p>Entre os muito pontos discutidos no evento, alguns preocupam mais que outros. Entre eles, est&atilde;o a necessidae de constru&ccedil;&atilde;o de pol&iacute;ticas p&uacute;blicas para interatividade plena, garantindo financiamento para investimentos em equipamentos de transmiss&atilde;o e recep&ccedil;&atilde;o que suplante o sucateamento tecnol&oacute;gico das TVs p&uacute;blicas, investimentos na produ&ccedil;&atilde;o de software e, sobretudo,em um canal de retorno; e a necessidade de ter a integra&ccedil;&atilde;o das redes garantindo o compartilhamento de recursos t&eacute;cnicos, infra-estrutura f&iacute;sica, produ&ccedil;&atilde;o e troca de conte&uacute;dos. <\/p>\n<p><strong>Financiamento <\/p>\n<p><\/strong>Para resolv&ecirc;-los, o governo j&aacute; adotou algumas medidas. Vem j&aacute; h&aacute; algum tempo negociando com o BNDES a cia&ccedil;&atilde;o de linhas de financiamento para migra&ccedil;&atilde;o para o modelo digital. Ainda n&atilde;o se sabe se a fund perdido ou n&atilde;o. E se haver&aacute; uma espec&iacute;fica para digitaliza&ccedil;&atilde;o dos acervos. <br \/>H&aacute; quem defenda a contrata&ccedil;&atilde;o de uma consultoriavque aponte o necess&aacute;rio para uma TV p&uacute;blica funcionar minimamente decente como TV Digita e fa&ccedil;a um invent&aacute;rio confronado a planta atual com essa planta b&aacute;sica para saber quanto cada emissora teria que pedir ao banco.<\/p>\n<p>Tamb&eacute;m quanto &agrave; integra&ccedil;&atilde;o, est&atilde;o em curso discuss&otilde;es sobre o modelo degest&atilde;o. Se haver&aacute; ou n&atilde;o um operador p&uacute;blico de rede. <\/p>\n<p>&#8211; Todos os estudos est&atilde;o sendo refeitos. Os escon&ocirc;micos. Os t&eacute;cnicos. Temos organimos internacionais estudando a composi&ccedil;&atilde;o desta malha prevendo a exist&ecirc;cia de um operador de rede p&uacute;blica, n&atilde;o um operador p&uacute;blico de rede, j&aacute; que provavelmente o setor privado vai operar as suas pr&oacute;prias redes. Por&eacute;m, para n&atilde;o correr o risco de desinformar sobre a quest&atilde;o, o que posso dizer com certeza &eacute; que estamos em pleno processo de debate, disse M&aacute;rio Borgneth, assessor especial do Minist&eacute;rio da Cultra. <\/p>\n<p><strong>Interc&acirc;mbio digital <\/p>\n<p><\/strong>Mas j&aacute;se bateu o martelo, por exemplo, na constru&ccedil;&atilde;o de uma rede de interc&acirc;mbio de conte&uacute;dos utilizando as redes de alta conex&atilde;o de internet, em parceria com a Rede Nacional de Pesquisa (RNP), nos moldes da Rede de Interc&acirc;mbio de TVs universit&aacute;rias (Rede RITU). <\/p>\n<p>&#8211; Convidamos o MEC e o MCT para uma conversa e a partir da&iacute; nos foi oferecido um di&aacute;logo de neg&oacute;cios com a RNP que gerou um processo de discuss&atilde;o muito grande dentro do minist&eacute;rio, com a Radiobr&aacute;s, com o grupo executivo. Hoje n&oacute;s temos uma proposta de integrar as 53 emissoras das TVs educativas estaduais e as TVs universit&aacute;riasque fazem parte da ISI, em um projeto de tr&ecirc;s anos de constru&ccedil;&atilde;o, onde, em uma primeira etapa, at&eacute; dezembro deste ano, n&oacute;s da TV Brasil estaremos montando uma estrutura dentro da RNP para transmiss&atilde;o. <\/p>\n<p>A id&eacute;ia, como na RITU, &eacute; a de compartilhar programas e operar conjuntamente uma grade nacional de programa&ccedil;&atilde;o. Construir meios de permutar programas, para aumentar a qualidade e a diversidade de conte&uacute;dos dos canais, reduzindo os custos de programa&ccedil;&atilde;o e permitindo concentrar os recursos dispon&iacute;veis na produ&ccedil;&atilde;o. Trabalhar a horizontalidade para troca de programa&ccedil;&atilde;o, com rapideze interatividade. <\/p>\n<p>&#8211; A partir deste piloto da TV Brasil, de integra&ccedil;&atilde;o das suas bases estaduais, em quatro estados, a gente pretende apresentar o modelo &agrave;s emissoras da Abepec e &agrave;s emissoras universit&aacute;rias e discutirmos o custo disso. <\/p>\n<p><strong>O que &eacute; a RITU <\/p>\n<p><\/strong>A RITU foi lan&ccedil;ada oficialmente no dia 13 dedezembro de 2006, em Bras&iacute;lia, atrav&eacute;s de um conv&ecirc;nio entre a Associa&ccedil;&atilde;o Brasileira de Televis&atilde;o Universit&aacute;ria (ABTU) e a Rede Nacional de Ensino e Pesquisa (RNP). Mas j&aacute; est&aacute; vem sendo organizada h&aacute; dois anos, num trabalho silencioso envolvendo nove universidades. A rede de interc&acirc;mbio&eacute; operada a partir da Universidade do Vale do Rio dos Sinos (Unisinos), de S&atilde;o Leopoldo (RS), regi&atilde;o metropolitana de Porto Alegre. Para l&aacute; s&atilde;o enviados os programas produzidos pelas institui&ccedil;&otilde;es filiadas da ABTU e pelas universidades federais, vinculadas &agrave; RNP cerca de 100 parceiros. <\/p>\n<p>Cerca&nbsp; de 120 institui&ccedil;&otilde;es de ensino superior produzem televis&atilde;o regularmente no pa&iacute;s. Elas controlam um m&iacute;nimo de 52 canais geradores de conte&uacute;do, que est&atilde;o na TV aberta, na TV a cabo, na TV paga por microondas (MMDS) e na internet. <\/p>\n<p><img loading=\"lazy\" decoding=\"async\" src=\"images\/stories\/politica_publicacoes\/c_normal_pq.png\" alt=\"Active Image\" width=\"15\" height=\"15\" \/>&nbsp;Converg&ecirc;ncia Digital.<\/p>\n","protected":false},"excerpt":{"rendered":"<p>Ainda n&atilde;o se sabe se a TV Brasil, a nova rede de TVs p&uacute;blicas brasileiras, ser&aacute; constitu&iacute;da por decreto ou por projeto de lei. Mas uma decis&atilde;o j&aacute; foi tomada: ela ser&aacute; digital. A torre da TV Cultura, em S&atilde;o Paulo, receber&aacute; um transmissor moderno e potente, com capacidade para fazer multiprograma&ccedil;&atilde;o e interatividade. &#8211; &hellip; <a href=\"https:\/\/obscom.intervozes.org.br\/?p=19074\" class=\"more-link\">Continue lendo <span class=\"screen-reader-text\">Rede universit\u00e1ria ser\u00e1 modelo para integra\u00e7\u00e3o da TV p\u00fablica digital<\/span> <span class=\"meta-nav\">&rarr;<\/span><\/a><\/p>\n","protected":false},"author":1,"featured_media":0,"comment_status":"open","ping_status":"open","sticky":false,"template":"","format":"standard","meta":{"footnotes":""},"categories":[40],"tags":[393],"_links":{"self":[{"href":"https:\/\/obscom.intervozes.org.br\/index.php?rest_route=\/wp\/v2\/posts\/19074"}],"collection":[{"href":"https:\/\/obscom.intervozes.org.br\/index.php?rest_route=\/wp\/v2\/posts"}],"about":[{"href":"https:\/\/obscom.intervozes.org.br\/index.php?rest_route=\/wp\/v2\/types\/post"}],"author":[{"embeddable":true,"href":"https:\/\/obscom.intervozes.org.br\/index.php?rest_route=\/wp\/v2\/users\/1"}],"replies":[{"embeddable":true,"href":"https:\/\/obscom.intervozes.org.br\/index.php?rest_route=%2Fwp%2Fv2%2Fcomments&post=19074"}],"version-history":[{"count":0,"href":"https:\/\/obscom.intervozes.org.br\/index.php?rest_route=\/wp\/v2\/posts\/19074\/revisions"}],"wp:attachment":[{"href":"https:\/\/obscom.intervozes.org.br\/index.php?rest_route=%2Fwp%2Fv2%2Fmedia&parent=19074"}],"wp:term":[{"taxonomy":"category","embeddable":true,"href":"https:\/\/obscom.intervozes.org.br\/index.php?rest_route=%2Fwp%2Fv2%2Fcategories&post=19074"},{"taxonomy":"post_tag","embeddable":true,"href":"https:\/\/obscom.intervozes.org.br\/index.php?rest_route=%2Fwp%2Fv2%2Ftags&post=19074"}],"curies":[{"name":"wp","href":"https:\/\/api.w.org\/{rel}","templated":true}]}}