{"id":19072,"date":"2007-08-27T11:47:49","date_gmt":"2007-08-27T11:47:49","guid":{"rendered":"https:\/\/obscom.intervozes.org.br\/wordpress\/?p=19072"},"modified":"2007-08-27T11:47:49","modified_gmt":"2007-08-27T11:47:49","slug":"helio-costa-diz-apoiar-conferencia-construida-com-sociedade-civil","status":"publish","type":"post","link":"https:\/\/obscom.intervozes.org.br\/?p=19072","title":{"rendered":"H\u00e9lio Costa diz apoiar Confer\u00eancia constru\u00edda com sociedade civil"},"content":{"rendered":"<p>O ministro das Comunica&ccedil;&otilde;es, H&eacute;lio Costa, defendeu esta semana, em reuni&atilde;o com&nbsp;o FNDC,&nbsp;a necessidade da realiza&ccedil;&atilde;o de uma Confer&ecirc;ncia Nacional de Comunica&ccedil;&atilde;o, de car&aacute;ter plural e democr&aacute;tico, constru&iacute;da pela sociedade e o governo, a ser convocada junto com o Congresso.<\/p>\n<p>Em audi&ecirc;ncia na &uacute;ltima quarta-feira (22), em Bras&iacute;lia, no Minist&eacute;rio das Comunica&ccedil;&otilde;es, o F&oacute;rum Nacional pela Democratiza&ccedil;&atilde;o da Comunica&ccedil;&atilde;o (FNDC) ouviu do ministro H&eacute;lio Costa suas considera&ccedil;&otilde;es sobre a necessidade de que efetivamente se abra um debate amplo sobre o setor de comunica&ccedil;&atilde;o, a ser constru&iacute;do com pluralidade. <\/p>\n<p>O ministro afirmou que o encontro de setembro &ndash; que vem organizado juntamente com o Senado e a C&acirc;mara &ndash; ser&aacute; um evento de car&aacute;ter preparat&oacute;rio para aquele que dever&aacute; ser o &ldquo;grande espa&ccedil;o democr&aacute;tico e amplo&rdquo; da sociedade brasileira, a Confer&ecirc;ncia Nacional de Comunica&ccedil;&atilde;o. <\/p>\n<p>Segundo a cineasta Berenice Mendes, representante do FNDC na audi&ecirc;ncia, o ministro demonstrou a mesma expectativa em rela&ccedil;&atilde;o a esta demanda do F&oacute;rum, de constru&ccedil;&atilde;o de uma confer&ecirc;ncia com caracter&iacute;sticas democr&aacute;ticas, unindo em torno dos debates o Congresso, os empres&aacute;rios do setor e os movimentos organizados da sociedade civil. &ldquo;O ministro deixou claro que j&aacute; estamos atrasados neste debate, porque muitas coisas j&aacute; est&atilde;o acontecendo&rdquo;, relata Berenice. <\/p>\n<p>Um dos assuntos destacados por H&eacute;lio Costa para ser tratado na Confer&ecirc;ncia, segundo a cineasta, &eacute; justamente uma quest&atilde;o sobre a qual o FNDC vem reclamando e pautado h&aacute; tempos, a falta de pol&iacute;ticas para o setor, a partir do Minist&eacute;rio das Comunica&ccedil;&otilde;es. &ldquo;H&eacute;lio Costa lamentou que o Minicom est&aacute; esvaziado de seus quadros t&eacute;cnicos e de pol&iacute;ticas para o setor de comunica&ccedil;&otilde;es, e a Anatel vem se sobrepondo na formula&ccedil;&atilde;o dessas pol&iacute;ticas&rdquo;, contou Berenice. Costa refor&ccedil;ou ainda, &agrave; representante do FNDC, a import&acirc;ncia de levar as pautas da democratiza&ccedil;&atilde;o da comunica&ccedil;&atilde;o &agrave; C&acirc;mara, &agrave; Casa Civil, ao Minist&eacute;rio da Ind&uacute;stria e Com&eacute;rcio, &ldquo;para mostrar a demanda social que existe na discuss&atilde;o dos nossos temas&rdquo;, destaca a cineasta.<\/p>\n<p><img loading=\"lazy\" decoding=\"async\" src=\"images\/stories\/politica_publicacoes\/c_invertido_pq.png\" alt=\"Active Image\" width=\"15\" height=\"15\" \/>&nbsp;Reda&ccedil;&atilde;o FNDC.<\/p>\n","protected":false},"excerpt":{"rendered":"<p>O ministro das Comunica&ccedil;&otilde;es, H&eacute;lio Costa, defendeu esta semana, em reuni&atilde;o com&nbsp;o FNDC,&nbsp;a necessidade da realiza&ccedil;&atilde;o de uma Confer&ecirc;ncia Nacional de Comunica&ccedil;&atilde;o, de car&aacute;ter plural e democr&aacute;tico, constru&iacute;da pela sociedade e o governo, a ser convocada junto com o Congresso. Em audi&ecirc;ncia na &uacute;ltima quarta-feira (22), em Bras&iacute;lia, no Minist&eacute;rio das Comunica&ccedil;&otilde;es, o F&oacute;rum Nacional &hellip; <a href=\"https:\/\/obscom.intervozes.org.br\/?p=19072\" class=\"more-link\">Continue lendo <span class=\"screen-reader-text\">H\u00e9lio Costa diz apoiar Confer\u00eancia constru\u00edda com sociedade civil<\/span> <span class=\"meta-nav\">&rarr;<\/span><\/a><\/p>\n","protected":false},"author":1,"featured_media":0,"comment_status":"open","ping_status":"open","sticky":false,"template":"","format":"standard","meta":{"footnotes":""},"categories":[40],"tags":[104],"_links":{"self":[{"href":"https:\/\/obscom.intervozes.org.br\/index.php?rest_route=\/wp\/v2\/posts\/19072"}],"collection":[{"href":"https:\/\/obscom.intervozes.org.br\/index.php?rest_route=\/wp\/v2\/posts"}],"about":[{"href":"https:\/\/obscom.intervozes.org.br\/index.php?rest_route=\/wp\/v2\/types\/post"}],"author":[{"embeddable":true,"href":"https:\/\/obscom.intervozes.org.br\/index.php?rest_route=\/wp\/v2\/users\/1"}],"replies":[{"embeddable":true,"href":"https:\/\/obscom.intervozes.org.br\/index.php?rest_route=%2Fwp%2Fv2%2Fcomments&post=19072"}],"version-history":[{"count":0,"href":"https:\/\/obscom.intervozes.org.br\/index.php?rest_route=\/wp\/v2\/posts\/19072\/revisions"}],"wp:attachment":[{"href":"https:\/\/obscom.intervozes.org.br\/index.php?rest_route=%2Fwp%2Fv2%2Fmedia&parent=19072"}],"wp:term":[{"taxonomy":"category","embeddable":true,"href":"https:\/\/obscom.intervozes.org.br\/index.php?rest_route=%2Fwp%2Fv2%2Fcategories&post=19072"},{"taxonomy":"post_tag","embeddable":true,"href":"https:\/\/obscom.intervozes.org.br\/index.php?rest_route=%2Fwp%2Fv2%2Ftags&post=19072"}],"curies":[{"name":"wp","href":"https:\/\/api.w.org\/{rel}","templated":true}]}}