{"id":19071,"date":"2007-08-27T11:35:01","date_gmt":"2007-08-27T11:35:01","guid":{"rendered":"https:\/\/obscom.intervozes.org.br\/wordpress\/?p=19071"},"modified":"2007-08-27T11:35:01","modified_gmt":"2007-08-27T11:35:01","slug":"diretor-da-radiobras-defende-criacao-de-portal-publico-na-internet","status":"publish","type":"post","link":"https:\/\/obscom.intervozes.org.br\/?p=19071","title":{"rendered":"Diretor da Radiobr\u00e1s defende cria\u00e7\u00e3o de portal p\u00fablico na internet"},"content":{"rendered":"<div id=\"HOTWordsTxt\">O processo de cria&ccedil;&atilde;o da TV Brasil ainda est&aacute; no in&iacute;cio, mas o governo j&aacute; come&ccedil;a a pensar em um portal p&uacute;blico de not&iacute;cias. &quot;Seria uma p&aacute;gina com a oferta de todo conte&uacute;do produzido pela comunica&ccedil;&atilde;o p&uacute;blica. A BBC re&uacute;ne tudo que &eacute; feito em um <a href=\"http:\/\/www.adnews.com.br\/teste\/novo\/destaque.asp?Cod_Noticia=53205#\" onclick=\"hwClick136434260814(-744714556);return false;\">site<\/a>, e n&atilde;o temos nada similar aqui&quot;, explica Rodrigo Savazoni, editor-chefe da Ag&ecirc;ncia Brasil. O portal p&uacute;blico foi uma das quatro propostas lan&ccedil;adas por Savazoni no painel &quot;Converg&ecirc;ncia Digital e Formata&ccedil;&atilde;o de Conte&uacute;dos&quot;, no Workshop de Programa&ccedil;&atilde;o para TV P&uacute;blica, que termina na sexta-feira (24) em Salvador. Outras sugest&otilde;es incluem a cria&ccedil;&atilde;o de um provedor p&uacute;blico de acesso &agrave; internet, um portal de v&iacute;deos com material das emissoras p&uacute;blicas &#8211; que j&aacute; come&ccedil;ou a ser desenhado &#8211; e desenvolvimento de tecnologias para web pelo poder p&uacute;blico.<\/p>\n<p>&quot;J&aacute; fiz uma apresenta&ccedil;&atilde;o ao ministro Franklin [Martins, da Secom], e a conversa foi excelente. O fato &eacute; que n&atilde;o d&aacute; para pensar mais em televis&atilde;o sem pensar em internet. &Eacute; tamb&eacute;m uma forma de &quot;rejuvenescer&quot; o p&uacute;blico. O ministro sabe disso, mas o foco agora est&aacute; na TV. Pensamos nesse projeto em m&eacute;dio prazo&quot;, contou Savazoni.<\/p>\n<p>A meta &eacute; potencializar o que &eacute; j&aacute; feito na Ag&ecirc;ncia Brasil. &quot;H&aacute; v&iacute;deos na Ag&ecirc;ncia Brasil, mas &eacute; muito pouco. A id&eacute;ia &eacute; ter uma grande plataforma comum, reunindo inclusive r&aacute;dios comunit&aacute;rias e, mais pra frente, pensando tamb&eacute;m em redes de relacionamento. Pensar em uma m&iacute;dia espec&iacute;fica &eacute; anacr&ocirc;nico&quot;, diz Savazoni, que espera que a p&aacute;gina p&uacute;blica seja um contraponto aos grandes portais financiados por empresas de telecomunica&ccedil;&atilde;o e grupos de m&iacute;dia. &quot;N&atilde;o tenho d&uacute;vida de que, em pouco tempo, o portal estaria entre os dez mais acessados do Pa&iacute;s&quot;, arrisca.<\/p>\n<p>As informa&ccedil;&otilde;es s&atilde;o do Comunique-se.<\/p><\/div>\n","protected":false},"excerpt":{"rendered":"<p>O processo de cria&ccedil;&atilde;o da TV Brasil ainda est&aacute; no in&iacute;cio, mas o governo j&aacute; come&ccedil;a a pensar em um portal p&uacute;blico de not&iacute;cias. &quot;Seria uma p&aacute;gina com a oferta de todo conte&uacute;do produzido pela comunica&ccedil;&atilde;o p&uacute;blica. A BBC re&uacute;ne tudo que &eacute; feito em um site, e n&atilde;o temos nada similar aqui&quot;, explica Rodrigo &hellip; <a href=\"https:\/\/obscom.intervozes.org.br\/?p=19071\" class=\"more-link\">Continue lendo <span class=\"screen-reader-text\">Diretor da Radiobr\u00e1s defende cria\u00e7\u00e3o de portal p\u00fablico na internet<\/span> <span class=\"meta-nav\">&rarr;<\/span><\/a><\/p>\n","protected":false},"author":1,"featured_media":0,"comment_status":"open","ping_status":"open","sticky":false,"template":"","format":"standard","meta":{"footnotes":""},"categories":[39],"tags":[],"_links":{"self":[{"href":"https:\/\/obscom.intervozes.org.br\/index.php?rest_route=\/wp\/v2\/posts\/19071"}],"collection":[{"href":"https:\/\/obscom.intervozes.org.br\/index.php?rest_route=\/wp\/v2\/posts"}],"about":[{"href":"https:\/\/obscom.intervozes.org.br\/index.php?rest_route=\/wp\/v2\/types\/post"}],"author":[{"embeddable":true,"href":"https:\/\/obscom.intervozes.org.br\/index.php?rest_route=\/wp\/v2\/users\/1"}],"replies":[{"embeddable":true,"href":"https:\/\/obscom.intervozes.org.br\/index.php?rest_route=%2Fwp%2Fv2%2Fcomments&post=19071"}],"version-history":[{"count":0,"href":"https:\/\/obscom.intervozes.org.br\/index.php?rest_route=\/wp\/v2\/posts\/19071\/revisions"}],"wp:attachment":[{"href":"https:\/\/obscom.intervozes.org.br\/index.php?rest_route=%2Fwp%2Fv2%2Fmedia&parent=19071"}],"wp:term":[{"taxonomy":"category","embeddable":true,"href":"https:\/\/obscom.intervozes.org.br\/index.php?rest_route=%2Fwp%2Fv2%2Fcategories&post=19071"},{"taxonomy":"post_tag","embeddable":true,"href":"https:\/\/obscom.intervozes.org.br\/index.php?rest_route=%2Fwp%2Fv2%2Ftags&post=19071"}],"curies":[{"name":"wp","href":"https:\/\/api.w.org\/{rel}","templated":true}]}}