{"id":19053,"date":"2007-08-23T15:30:34","date_gmt":"2007-08-23T15:30:34","guid":{"rendered":"https:\/\/obscom.intervozes.org.br\/wordpress\/?p=19053"},"modified":"2014-09-07T02:53:56","modified_gmt":"2014-09-07T02:53:56","slug":"audiencia-publica-na-camara-discute-publicidade-infantil","status":"publish","type":"post","link":"https:\/\/obscom.intervozes.org.br\/?p=19053","title":{"rendered":"Audi\u00eancia p\u00fablica na C\u00e2mara discute publicidade infantil"},"content":{"rendered":"<p><span><\/p>\n<p style=\"margin: 0cm 0cm 0pt\" class=\"MsoNormal\"><span>No pr&oacute;ximo dia 30 de agosto, a Comiss&atilde;o de Defesa do Consumidor da C&acirc;mara dos Deputados realiza uma audi&ecirc;ncia p&uacute;blica para discutir a publicidade infantil.<\/p>\n<p><\/span><span>Na pauta da audi&ecirc;ncia requerida pela Deputada Maria do Carmo Lara est&aacute; o projeto o <a href=\"http:\/\/www.camara.gov.br\/sileg\/MostrarIntegra.asp?CodTeor=24887\">Projeto de Lei n.&deg; 5921, de 2001<\/a>, do Deputado Luiz Carlos Hauly que acrescenta um novo dispositivo ao C&oacute;digo de Defesa do Consumidor (Lei n.&deg; 8.078\/1990), proibindo a publicidade para a venda de produtos infantis.<\/p>\n<p><\/span><span>O professor da Universidade Federal de Pernambuco, Edgard Rebou&ccedil;as, especialisata em Propaganda Infantil &eacute; um dos convidados da audi&ecirc;ncia, que tamb&eacute;m ter&aacute; como participantes Ana Merc&ecirc;s Bahia Bock, presidente do Conselho Federal de Psicologia; Oscar Vilhena, Presidente da Ag&ecirc;ncia Nacional de Defesa da Inf&acirc;ncia &ndash; ANDI; Gilberto Leifert, Presidente do Conselho de Auto-Regulamenta&ccedil;&atilde;o Publicit&aacute;ria &ndash; CONAR; e Dalton Pastore, Presidente da Associa&ccedil;&atilde;o brasileira de Ag&ecirc;ncias de Publicidade &#8211; ABAP. <\/p>\n<p><\/span><span>Audi&ecirc;ncia come&ccedil;a &agrave;s 10h e ser&aacute; realizada no Plen&aacute;rio 05 do Anexo II.<\/p>\n<p><\/span><span><a href=\"http:\/\/localhost\/intervozes_direitoacomunicacao\/wordpress\/?p=18471\">Leia mais sobre Publicidade Infantil e as reivindica&ccedil;&otilde;es das entidades da sociedade civil que lutam pelos direitos das crian&ccedil;as e adolescentes.<\/a><\/span><\/p>\n<p><\/span><\/p>\n","protected":false},"excerpt":{"rendered":"<p>No pr&oacute;ximo dia 30 de agosto, a Comiss&atilde;o de Defesa do Consumidor da C&acirc;mara dos Deputados realiza uma audi&ecirc;ncia p&uacute;blica para discutir a publicidade infantil. Na pauta da audi&ecirc;ncia requerida pela Deputada Maria do Carmo Lara est&aacute; o projeto o Projeto de Lei n.&deg; 5921, de 2001, do Deputado Luiz Carlos Hauly que acrescenta um &hellip; <a href=\"https:\/\/obscom.intervozes.org.br\/?p=19053\" class=\"more-link\">Continue lendo <span class=\"screen-reader-text\">Audi\u00eancia p\u00fablica na C\u00e2mara discute publicidade infantil<\/span> <span class=\"meta-nav\">&rarr;<\/span><\/a><\/p>\n","protected":false},"author":1,"featured_media":0,"comment_status":"open","ping_status":"open","sticky":false,"template":"","format":"standard","meta":{"footnotes":""},"categories":[39],"tags":[],"_links":{"self":[{"href":"https:\/\/obscom.intervozes.org.br\/index.php?rest_route=\/wp\/v2\/posts\/19053"}],"collection":[{"href":"https:\/\/obscom.intervozes.org.br\/index.php?rest_route=\/wp\/v2\/posts"}],"about":[{"href":"https:\/\/obscom.intervozes.org.br\/index.php?rest_route=\/wp\/v2\/types\/post"}],"author":[{"embeddable":true,"href":"https:\/\/obscom.intervozes.org.br\/index.php?rest_route=\/wp\/v2\/users\/1"}],"replies":[{"embeddable":true,"href":"https:\/\/obscom.intervozes.org.br\/index.php?rest_route=%2Fwp%2Fv2%2Fcomments&post=19053"}],"version-history":[{"count":1,"href":"https:\/\/obscom.intervozes.org.br\/index.php?rest_route=\/wp\/v2\/posts\/19053\/revisions"}],"predecessor-version":[{"id":27757,"href":"https:\/\/obscom.intervozes.org.br\/index.php?rest_route=\/wp\/v2\/posts\/19053\/revisions\/27757"}],"wp:attachment":[{"href":"https:\/\/obscom.intervozes.org.br\/index.php?rest_route=%2Fwp%2Fv2%2Fmedia&parent=19053"}],"wp:term":[{"taxonomy":"category","embeddable":true,"href":"https:\/\/obscom.intervozes.org.br\/index.php?rest_route=%2Fwp%2Fv2%2Fcategories&post=19053"},{"taxonomy":"post_tag","embeddable":true,"href":"https:\/\/obscom.intervozes.org.br\/index.php?rest_route=%2Fwp%2Fv2%2Ftags&post=19053"}],"curies":[{"name":"wp","href":"https:\/\/api.w.org\/{rel}","templated":true}]}}