{"id":19051,"date":"2007-08-23T14:31:41","date_gmt":"2007-08-23T14:31:41","guid":{"rendered":"https:\/\/obscom.intervozes.org.br\/wordpress\/?p=19051"},"modified":"2007-08-23T14:31:41","modified_gmt":"2007-08-23T14:31:41","slug":"projeto-em-sp-preve-distribuicao-de-ingressos-para-filmes-nacionais","status":"publish","type":"post","link":"https:\/\/obscom.intervozes.org.br\/?p=19051","title":{"rendered":"Projeto em SP prev\u00ea distribui\u00e7\u00e3o de ingressos para filmes nacionais"},"content":{"rendered":"<p class=\"titnews\">Com o objetivo de mudar o atual cen&aacute;rio do cinema brasileiro &#8211; em que filmes nacionais n&atilde;o chegam &agrave;s telas e o p&uacute;blico n&atilde;o freq&uuml;enta as salas como poderia &#8211; a Secretaria do Estado da Cultura de S&atilde;o Paulo deve lan&ccedil;ar em outubro o programa &quot;V&aacute; ao Cinema&quot;. A novidade foi anunciada por Andr&eacute; Sturm, da Secretaria de Estado da Cultura, durante a Feira Internacional da Ind&uacute;stria do Cinema e Audiovisual (Fiicav), que acontece paralelamente ao Congresso da Set.<\/p>\n<p>O projeto visa oferecer gratuitamente ingressos de cinema para sess&otilde;es regulares de filmes nacionais. Inicialmente, o p&uacute;blico alvo s&atilde;o estudantes da rede p&uacute;blica de ensino e as salas s&atilde;o aquelas localizadas nas cidades do interior de S&atilde;o Paulo. &quot;Al&eacute;m de subsidiar a cota de tela para os exibidores do interior, pretendemos promover a forma&ccedil;&atilde;o de p&uacute;blico de cinema&quot;, diz Sturm. A previs&atilde;o &eacute; de distribuir 2,4 milh&otilde;es de ingressos at&eacute; o final de 2008.<\/p>\n<p>Para oferecer o ingresso gratuitamente, a Secretaria negocia pre&ccedil;os mais baratos com os exibidores. H&aacute; ainda uma exig&ecirc;ncia que o filme brasileiro seja exibdo durante um m&ecirc;s e que seja in&eacute;dito na cidade. <\/p>\n<p>O investimento no projeto em 2007 &eacute; de R$ 1,5 milh&atilde;o, com previs&atilde;o de investimento de R$ 7 milh&otilde;es em 2008. &quot;Para futuro, vamos expandir o projeto para a capital e para diferentes p&uacute;blicos. Por exemplo, podemos ter como foco os idosos, em cidades onde exista a demanda&quot;, conclui Sturm. <\/p>\n<p><img loading=\"lazy\" decoding=\"async\" src=\"images\/stories\/politica_publicacoes\/c_normal_pq.png\" alt=\"Active Image\" width=\"15\" height=\"15\" \/><\/p>\n","protected":false},"excerpt":{"rendered":"<p>Com o objetivo de mudar o atual cen&aacute;rio do cinema brasileiro &#8211; em que filmes nacionais n&atilde;o chegam &agrave;s telas e o p&uacute;blico n&atilde;o freq&uuml;enta as salas como poderia &#8211; a Secretaria do Estado da Cultura de S&atilde;o Paulo deve lan&ccedil;ar em outubro o programa &quot;V&aacute; ao Cinema&quot;. A novidade foi anunciada por Andr&eacute; Sturm, &hellip; <a href=\"https:\/\/obscom.intervozes.org.br\/?p=19051\" class=\"more-link\">Continue lendo <span class=\"screen-reader-text\">Projeto em SP prev\u00ea distribui\u00e7\u00e3o de ingressos para filmes nacionais<\/span> <span class=\"meta-nav\">&rarr;<\/span><\/a><\/p>\n","protected":false},"author":1,"featured_media":0,"comment_status":"open","ping_status":"open","sticky":false,"template":"","format":"standard","meta":{"footnotes":""},"categories":[40],"tags":[120],"_links":{"self":[{"href":"https:\/\/obscom.intervozes.org.br\/index.php?rest_route=\/wp\/v2\/posts\/19051"}],"collection":[{"href":"https:\/\/obscom.intervozes.org.br\/index.php?rest_route=\/wp\/v2\/posts"}],"about":[{"href":"https:\/\/obscom.intervozes.org.br\/index.php?rest_route=\/wp\/v2\/types\/post"}],"author":[{"embeddable":true,"href":"https:\/\/obscom.intervozes.org.br\/index.php?rest_route=\/wp\/v2\/users\/1"}],"replies":[{"embeddable":true,"href":"https:\/\/obscom.intervozes.org.br\/index.php?rest_route=%2Fwp%2Fv2%2Fcomments&post=19051"}],"version-history":[{"count":0,"href":"https:\/\/obscom.intervozes.org.br\/index.php?rest_route=\/wp\/v2\/posts\/19051\/revisions"}],"wp:attachment":[{"href":"https:\/\/obscom.intervozes.org.br\/index.php?rest_route=%2Fwp%2Fv2%2Fmedia&parent=19051"}],"wp:term":[{"taxonomy":"category","embeddable":true,"href":"https:\/\/obscom.intervozes.org.br\/index.php?rest_route=%2Fwp%2Fv2%2Fcategories&post=19051"},{"taxonomy":"post_tag","embeddable":true,"href":"https:\/\/obscom.intervozes.org.br\/index.php?rest_route=%2Fwp%2Fv2%2Ftags&post=19051"}],"curies":[{"name":"wp","href":"https:\/\/api.w.org\/{rel}","templated":true}]}}