{"id":19049,"date":"2007-08-23T14:22:01","date_gmt":"2007-08-23T14:22:01","guid":{"rendered":"https:\/\/obscom.intervozes.org.br\/wordpress\/?p=19049"},"modified":"2007-08-23T14:22:01","modified_gmt":"2007-08-23T14:22:01","slug":"audiencia-discutira-relacao-do-fuso-horario-com-a-classificacao-de-programas-de-tv","status":"publish","type":"post","link":"https:\/\/obscom.intervozes.org.br\/?p=19049","title":{"rendered":"Audi\u00eancia discutir\u00e1 rela\u00e7\u00e3o do fuso hor\u00e1rio com a classifica\u00e7\u00e3o de programas de TV"},"content":{"rendered":"<p>A Comiss&atilde;o de Amaz&ocirc;nia, Integra&ccedil;&atilde;o Nacional e de Desenvolvimento Regional da C&atilde;mara dos Deputados far&aacute; audi&ecirc;ncia p&uacute;blica no pr&oacute;ximo dia 5 de setembro sobre portaria do Minist&eacute;rio da Justi&ccedil;a a respeito da classifica&ccedil;&atilde;o indicativa em programas de TV. A portaria determina que a vincula&ccedil;&atilde;o entre categorias de classifica&ccedil;&atilde;o e faixas de hor&aacute;rio de exibi&ccedil;&atilde;o deve observar os diferentes fusos hor&aacute;rios vigentes no Pa&iacute;s. <\/p>\n<p>O debate foi solicitado pela deputada Vanessa Grazziotin (PCdoB-AM) e aprovado h&aacute; pouco pela comiss&atilde;o. Quando esse dispositivo entrar em vigor, em 9 de janeiro de 2008, atingir&aacute;, segundo a parlamentar, os estados do Acre, Mato Grosso, Mato Grosso do Sul, Rond&ocirc;nia, Roraima e munic&iacute;pios do Amazonas, que t&ecirc;m fusos hor&aacute;rios diferentes em rela&ccedil;&atilde;o &agrave; Bras&iacute;lia. Vanessa Grazziotin explica que, para cumprir a portaria do Minist&eacute;rio da Justi&ccedil;a, essas localidades ter&atilde;o que gravar os programas para exib&iacute;-los nos hor&aacute;rios permitidos pela classifica&ccedil;&atilde;o indicativa. <\/p>\n<p>A deputada alerta que esse procedimento trar&aacute; preju&iacute;zo para as TVs abertas em raz&atilde;o da concorr&ecirc;ncia de sat&eacute;lite, TV a cabo e internet. &#39;Caso persistam essas exig&ecirc;ncias, a implanta&ccedil;&atilde;o da TV Digital ser&aacute; inviabilizadanesses estados, pois tem como uma de suas bandeiras a interatividade.&#39; Ser&atilde;o convidados para debater o assunto dirigentes das emissoras de televis&atilde;o e representantes das associa&ccedil;&otilde;es de r&aacute;dio e TV.<\/p>\n<p>A comiss&atilde;o est&aacute; reunida no plen&aacute;rio 9. <\/p>\n<p><img loading=\"lazy\" decoding=\"async\" src=\"images\/stories\/politica_publicacoes\/c_invertido_pq.png\" alt=\"Active Image\" width=\"15\" height=\"15\" \/><\/p>\n","protected":false},"excerpt":{"rendered":"<p>A Comiss&atilde;o de Amaz&ocirc;nia, Integra&ccedil;&atilde;o Nacional e de Desenvolvimento Regional da C&atilde;mara dos Deputados far&aacute; audi&ecirc;ncia p&uacute;blica no pr&oacute;ximo dia 5 de setembro sobre portaria do Minist&eacute;rio da Justi&ccedil;a a respeito da classifica&ccedil;&atilde;o indicativa em programas de TV. A portaria determina que a vincula&ccedil;&atilde;o entre categorias de classifica&ccedil;&atilde;o e faixas de hor&aacute;rio de exibi&ccedil;&atilde;o deve &hellip; <a href=\"https:\/\/obscom.intervozes.org.br\/?p=19049\" class=\"more-link\">Continue lendo <span class=\"screen-reader-text\">Audi\u00eancia discutir\u00e1 rela\u00e7\u00e3o do fuso hor\u00e1rio com a classifica\u00e7\u00e3o de programas de TV<\/span> <span class=\"meta-nav\">&rarr;<\/span><\/a><\/p>\n","protected":false},"author":1,"featured_media":0,"comment_status":"open","ping_status":"open","sticky":false,"template":"","format":"standard","meta":{"footnotes":""},"categories":[40],"tags":[123],"_links":{"self":[{"href":"https:\/\/obscom.intervozes.org.br\/index.php?rest_route=\/wp\/v2\/posts\/19049"}],"collection":[{"href":"https:\/\/obscom.intervozes.org.br\/index.php?rest_route=\/wp\/v2\/posts"}],"about":[{"href":"https:\/\/obscom.intervozes.org.br\/index.php?rest_route=\/wp\/v2\/types\/post"}],"author":[{"embeddable":true,"href":"https:\/\/obscom.intervozes.org.br\/index.php?rest_route=\/wp\/v2\/users\/1"}],"replies":[{"embeddable":true,"href":"https:\/\/obscom.intervozes.org.br\/index.php?rest_route=%2Fwp%2Fv2%2Fcomments&post=19049"}],"version-history":[{"count":0,"href":"https:\/\/obscom.intervozes.org.br\/index.php?rest_route=\/wp\/v2\/posts\/19049\/revisions"}],"wp:attachment":[{"href":"https:\/\/obscom.intervozes.org.br\/index.php?rest_route=%2Fwp%2Fv2%2Fmedia&parent=19049"}],"wp:term":[{"taxonomy":"category","embeddable":true,"href":"https:\/\/obscom.intervozes.org.br\/index.php?rest_route=%2Fwp%2Fv2%2Fcategories&post=19049"},{"taxonomy":"post_tag","embeddable":true,"href":"https:\/\/obscom.intervozes.org.br\/index.php?rest_route=%2Fwp%2Fv2%2Ftags&post=19049"}],"curies":[{"name":"wp","href":"https:\/\/api.w.org\/{rel}","templated":true}]}}