{"id":19046,"date":"2007-08-23T12:47:41","date_gmt":"2007-08-23T12:47:41","guid":{"rendered":"https:\/\/obscom.intervozes.org.br\/wordpress\/?p=19046"},"modified":"2007-08-23T12:47:41","modified_gmt":"2007-08-23T12:47:41","slug":"minicom-reve-posicao-e-agora-diz-que-multiprogramacao-na-tv-digital-sera-permitida","status":"publish","type":"post","link":"https:\/\/obscom.intervozes.org.br\/?p=19046","title":{"rendered":"Minicom rev\u00ea posi\u00e7\u00e3o e agora diz que multiprograma\u00e7\u00e3o na TV Digital ser\u00e1 permitida"},"content":{"rendered":"<p>Indagado por um radiodifusor na plat&eacute;ia durante o Congresso da SET se seria permitido fazer multiprograma&ccedil;&atilde;o em defini&ccedil;&atilde;o padr&atilde;o (SDTV) desde o primeiro dia da TV digital, o secret&aacute;rio de telecomunica&ccedil;&otilde;es do Minist&eacute;rio das Comunica&ccedil;&otilde;es, Roberto Pinto Martins, respondeu enfaticamente que sim. Mas ressaltou que a legisla&ccedil;&atilde;o pro&iacute;be totalmente a subloca&ccedil;&atilde;o destes canais para terceiros. &quot;A responsabilidade pela programa&ccedil;&atilde;o &eacute; totalmente do concession&aacute;rio&quot;, afirmou. A ressalva veio porque o radiodifusor perguntou justamente se poderia transmitir seu canal regular em SDTV e comercializar os demais canais digitais.<\/p>\n<p>Vale lembrar que o ministro H&eacute;lio Costa, no in&iacute;cio do ano, se posicionou contrariamente &agrave; possibilidade de multiprograma&ccedil;&atilde;o. Fontes jur&iacute;dicas do Minicom entendem que h&aacute; interpreta&ccedil;&otilde;es jur&iacute;dicas conflitantes sobre a possibilidade ou n&atilde;o da multiprograma&ccedil;&atilde;o. <\/p>\n<p>As informa&ccedil;&otilde;es s&atilde;o de <span class=\"assinatura\">Andr&eacute; Mermelstein, da TELA VIVA News.<\/span><\/p>\n","protected":false},"excerpt":{"rendered":"<p>Indagado por um radiodifusor na plat&eacute;ia durante o Congresso da SET se seria permitido fazer multiprograma&ccedil;&atilde;o em defini&ccedil;&atilde;o padr&atilde;o (SDTV) desde o primeiro dia da TV digital, o secret&aacute;rio de telecomunica&ccedil;&otilde;es do Minist&eacute;rio das Comunica&ccedil;&otilde;es, Roberto Pinto Martins, respondeu enfaticamente que sim. Mas ressaltou que a legisla&ccedil;&atilde;o pro&iacute;be totalmente a subloca&ccedil;&atilde;o destes canais para terceiros. &hellip; <a href=\"https:\/\/obscom.intervozes.org.br\/?p=19046\" class=\"more-link\">Continue lendo <span class=\"screen-reader-text\">Minicom rev\u00ea posi\u00e7\u00e3o e agora diz que multiprograma\u00e7\u00e3o na TV Digital ser\u00e1 permitida<\/span> <span class=\"meta-nav\">&rarr;<\/span><\/a><\/p>\n","protected":false},"author":1,"featured_media":0,"comment_status":"open","ping_status":"open","sticky":false,"template":"","format":"standard","meta":{"footnotes":""},"categories":[39],"tags":[],"_links":{"self":[{"href":"https:\/\/obscom.intervozes.org.br\/index.php?rest_route=\/wp\/v2\/posts\/19046"}],"collection":[{"href":"https:\/\/obscom.intervozes.org.br\/index.php?rest_route=\/wp\/v2\/posts"}],"about":[{"href":"https:\/\/obscom.intervozes.org.br\/index.php?rest_route=\/wp\/v2\/types\/post"}],"author":[{"embeddable":true,"href":"https:\/\/obscom.intervozes.org.br\/index.php?rest_route=\/wp\/v2\/users\/1"}],"replies":[{"embeddable":true,"href":"https:\/\/obscom.intervozes.org.br\/index.php?rest_route=%2Fwp%2Fv2%2Fcomments&post=19046"}],"version-history":[{"count":0,"href":"https:\/\/obscom.intervozes.org.br\/index.php?rest_route=\/wp\/v2\/posts\/19046\/revisions"}],"wp:attachment":[{"href":"https:\/\/obscom.intervozes.org.br\/index.php?rest_route=%2Fwp%2Fv2%2Fmedia&parent=19046"}],"wp:term":[{"taxonomy":"category","embeddable":true,"href":"https:\/\/obscom.intervozes.org.br\/index.php?rest_route=%2Fwp%2Fv2%2Fcategories&post=19046"},{"taxonomy":"post_tag","embeddable":true,"href":"https:\/\/obscom.intervozes.org.br\/index.php?rest_route=%2Fwp%2Fv2%2Ftags&post=19046"}],"curies":[{"name":"wp","href":"https:\/\/api.w.org\/{rel}","templated":true}]}}