{"id":19041,"date":"2007-08-24T00:00:00","date_gmt":"2007-08-24T00:00:00","guid":{"rendered":"https:\/\/obscom.intervozes.org.br\/wordpress\/?p=19041"},"modified":"2007-08-24T00:00:00","modified_gmt":"2007-08-24T00:00:00","slug":"organizacoes-criticam-proposta-para-modelo-de-gestao","status":"publish","type":"post","link":"https:\/\/obscom.intervozes.org.br\/?p=19041","title":{"rendered":"Organiza\u00e7\u00f5es criticam proposta para modelo de gest\u00e3o"},"content":{"rendered":"<p>Importantes entidades da sociedade civil,&nbsp;entre movimentos sociais, centrais sindicais e organiza&ccedil;&otilde;es n&atilde;o governamentais que lutam pela democratiza&ccedil;&atilde;o da comunica&ccedil;&atilde;o divulgaram nesta sexta-feira manifesto com fortes cr&iacute;ticas &agrave; proposta para o modelo de gest&atilde;o da nova rede p&uacute;blica de televis&atilde;o, batizada de TV Brasil. As organiza&ccedil;&otilde;es reivindicam o cumprimento dos princ&iacute;pios da Carta de Bras&iacute;lia &ndash; documento final do I F&oacute;rum de TVs P&uacute;blicas &ndash; que estabeleceu as diretrizes para a cria&ccedil;&atilde;o da nova emissora. A principal cr&iacute;tica se refere &agrave; proposta do ministro Franklin Martins, da Secretaria de Comunica&ccedil;&atilde;o Social (Secom), de que tanto o conselho gestor quanto a diretoria-executiva da TV Brasil sejam indicados pelo presidente da Rep&uacute;blica.<\/p>\n<p>Ocorrido em maio deste ano, o I F&oacute;rum de TVs P&uacute;blicas reuniu governo federal, emissoras p&uacute;blicas, comunit&aacute;rias, educativas, legislativas e universit&aacute;rias e entidades e organiza&ccedil;&otilde;es da sociedade civil em torno da iniciativa de fortalecimento das TVs n&atilde;o-comerciais e da proposta de cria&ccedil;&atilde;o de uma rede p&uacute;blica nacional de r&aacute;dio e televis&atilde;o. O resultado foi a Carta de Bras&iacute;lia, documento produzido a partir do consenso entre todos os participantes do evento e que estabelecia as diretrizes para a forma&ccedil;&atilde;o da rede. No que se refere &agrave; gest&atilde;o da emissora, al&eacute;m de afirmar que o conselho n&atilde;o deve ter maioria de membros do governo, h&aacute; a recomenda&ccedil;&atilde;o expl&iacute;cita de que o conselho gestor seja composto por representantes da sociedade. <\/p>\n<p>Segundo o texto do manifesto &ldquo;Com um conselho indicado pelo presidente, a <span>TV pode j&aacute; nascer sem autonomia e independ&ecirc;ncia<\/span>, objetivo maior de uma emissora que se pretende p&uacute;blica. N&atilde;o &eacute; a mera exist&ecirc;ncia de um &oacute;rg&atilde;o gestor que confere &agrave; emissora este car&aacute;ter. &Eacute; preciso que ele seja plural e representativo, preservando a independ&ecirc;ncia em rela&ccedil;&atilde;o a governos e ao mercado, funcionando com base na gest&atilde;o democr&aacute;tica e participativa&rdquo;. De acordo com as organiza&ccedil;&otilde;es, apesar das declara&ccedil;&otilde;es do ministro Franklin Martins e do presidente Lula garantirem retoricamente que a TV &ldquo;n&atilde;o ser&aacute; chapa branca&rdquo;, a decis&atilde;o, em vias de ser tomada, de formar um conselho de &ldquo;personalidades representativas da sociedade&rdquo; escolhido pelo presidente, coloca seu car&aacute;ter p&uacute;blico irremediavelmente em risco.<\/p>\n<p>O receio do governo federal de que seria imposs&iacute;vel determinar uma real representatividade na sociedade, para al&eacute;m dos &ldquo;interesses corporativos&rdquo; n&atilde;o tem, segundo o manifesto, justificativa, pois apenas assegurando a pluralidade &eacute; que se pode diminuir a possibilidade de contamina&ccedil;&atilde;o por interesses particulares. &ldquo;O conselho deve ter compromisso com a sociedade e responder a seus interesses, refletindo as diversidades regional, de g&ecirc;nero e &eacute;tnico-racial brasileiras. Tamb&eacute;m &eacute; leg&iacute;timo e positivo que a sociedade tenha interesses diversos; o desafio &eacute; t&ecirc;-los todos contemplados num espa&ccedil;o representativo. N&atilde;o h&aacute; d&uacute;vida de que quanto mais diversos forem os grupos representados, mais dilu&iacute;dos ficam os poss&iacute;veis interesses particulares&rdquo;.<\/p>\n<p>O manifesto tamb&eacute;m aponta possibilidades e alternativas ao modelo de gest&atilde;o proposto pelo governo. Segundo o texto, o governo deve buscar em outras estruturas do Estado exemplos para a composi&ccedil;&atilde;o do conselho. Modelos como os Conselhos Nacionais de Sa&uacute;de e de Cidades, escolhidos atrav&eacute;s de elei&ccedil;&otilde;es diretas ou em Confer&ecirc;ncias, podem servir de base para a resolu&ccedil;&atilde;o da pol&ecirc;mica da representa&ccedil;&atilde;o. &ldquo;Os exemplos brasileiros de espa&ccedil;os de participa&ccedil;&atilde;o da sociedade mostram que tais estruturas devem ser compostas de forma ampla e plural a partir da divis&atilde;o por segmentos da sociedade e processos democr&aacute;ticos de escolha, seja por Confer&ecirc;ncia ou por elei&ccedil;&atilde;o direta. Isso j&aacute; acontece em outras estruturas que tamb&eacute;m enfrentaram o desafio de buscar mecanismos de escolha de representantes do conjunto da sociedade&rdquo;, afirmam as organiza&ccedil;&otilde;es que aderiram ao manifesto.<\/p>\n<p>*&nbsp;<\/p>\n<p><strong>Confira a &iacute;ntegra do manifesto e as entidades que o subscrevem:<\/strong><\/p>\n<p><span><u><strong>Pela gest&atilde;o democr&aacute;tica da nova TV p&uacute;blica<br \/><\/strong><\/u><\/span><span><br \/>Em 2006, o governo federal deu in&iacute;cio a um importante processo de fortalecimento do <\/span><span>campo p&uacute;blico de televis&atilde;o, iniciativa apoiada pelas emissoras educativas, universit&aacute;rias, <\/span><span>legislativas e comunit&aacute;rias, pelas organiza&ccedil;&otilde;es da sociedade civil defensoras da <\/span><span>democratiza&ccedil;&atilde;o das comunica&ccedil;&otilde;es, pelos trabalhadores em comunica&ccedil;&atilde;o e pelos produtores audiovisuais independentes. Tal processo culminou no I F&oacute;rum Nacional de TVs P&uacute;blicas, realizado em maio deste ano, e com a conseq&uuml;ente assinatura da Carta de Bras&iacute;lia. O documento final do encontro apontou os princ&iacute;pios para a constitui&ccedil;&atilde;o de uma efetiva rede p&uacute;blica de r&aacute;dio e televis&atilde;o, assim como para o fortalecimento das emissoras n&atilde;o-comerciais brasileiras.<\/span><span>&nbsp;<\/p>\n<p><\/span><span>Desde a realiza&ccedil;&atilde;o do F&oacute;rum, a implementa&ccedil;&atilde;o das diretrizes da Carta de Bras&iacute;lia concentrou-se na Secretaria de Comunica&ccedil;&atilde;o Social (Secom), coordenada pelo Ministro <\/span><span>Franklin Martins, que foi incumbido pelo presidente Lula de liderar o processo de cria&ccedil;&atilde;o da TV Brasil, nome provis&oacute;rio da nova institui&ccedil;&atilde;o. Na continuidade deste processo, &agrave; inten&ccedil;&atilde;o j&aacute; anunciada de fus&atilde;o das estruturas da TVE e da Radiobr&aacute;s, somam-se quest&otilde;es <\/span><span>fundamentais ainda em discuss&atilde;o, como as formas de financiamento e o modelo de gest&atilde;o da nova emissora.<\/span><span>&nbsp;<\/p>\n<p><\/span><span>As organiza&ccedil;&otilde;es abaixo-assinadas julgam positiva a continuidade do processo de <\/span><span>implementa&ccedil;&atilde;o da TV Brasil, institui&ccedil;&atilde;o necess&aacute;ria para um pa&iacute;s que almeja desenvolver sua democracia e garantir a preval&ecirc;ncia do interesse p&uacute;blico nas comunica&ccedil;&otilde;es, assim como ap&oacute;iam a inten&ccedil;&atilde;o de fortalecer a produ&ccedil;&atilde;o audiovisual independente e regional. Da mesma forma, assistem com simpatia ao intuito de estabelecer uma estrutura horizontal de rede e de incentivar um processo de desvincula&ccedil;&atilde;o governamental das emissoras educativas estaduais, dotando-as tanto de financiamento livre de contingenciamento quanto de mecanismos democr&aacute;ticos de gest&atilde;o.<\/span><span>&nbsp;<\/p>\n<p><\/span><span>&Eacute; com grande preocupa&ccedil;&atilde;o, entretanto, que acompanhamos a inten&ccedil;&atilde;o da Secretaria de <\/span><span>Comunica&ccedil;&atilde;o Social de estabelecer mecanismos de gest&atilde;o vinculados exclusivamente ao <\/span><span>Executivo federal. Segundo a proposta da Secom, tanto o conselho gestor da TV Brasil <\/span><span>(respons&aacute;vel por zelar pelo cumprimento das finalidades p&uacute;blicas da institui&ccedil;&atilde;o) quanto a <\/span><span>presid&ecirc;ncia da nova emissora seriam indicados diretamente pelo Presidente da Rep&uacute;blica, <\/span><span>sem qualquer necessidade de aprova&ccedil;&atilde;o por &oacute;rg&atilde;o independente.<\/span><span>&nbsp;<\/span> <\/p>\n<p style=\"margin: 0cm 0cm 0pt\" class=\"MsoNormal\"><span><br \/>Consideramos que um modelo de gest&atilde;o baseado em um conselho composto por &ldquo;personalidades&rdquo; indicadas pelo Presidente da Rep&uacute;blica &ndash; ainda que os representantes do <\/span><span>governo sejam nele minoria e independentemente dos membros escolhidos &ndash; &eacute; <\/span><span>diametralmente oposto ao ac&uacute;mulo hist&oacute;rico sobre formas de representa&ccedil;&atilde;o da sociedade em espa&ccedil;os onde h&aacute; a busca pela desvincula&ccedil;&atilde;o de interesses exclusivos de governos.&nbsp;<br \/><\/span><\/p>\n<p><span><br \/>Com um conselho indicado pelo Presidente, a TV pode j&aacute; nascer sem autonomia e independ&ecirc;ncia, objetivo maior de uma emissora que se pretende p&uacute;blica. N&atilde;o &eacute; a mera exist&ecirc;ncia de um &oacute;rg&atilde;o gestor que confere &agrave; emissora este car&aacute;ter. &Eacute; preciso que ele seja plural e representativo, preservando a independ&ecirc;ncia em rela&ccedil;&atilde;o a governos e ao mercado, funcionando com base na gest&atilde;o democr&aacute;tica e participativa.<\/span><span>&nbsp;<\/p>\n<p><\/span><span>Acreditamos que a ousadia e coragem que o governo teve ao propor a TV p&uacute;blica devem <\/span><span>permanecer na escolha de seus mecanismos de gest&atilde;o. O conselho deve ter compromisso <\/span><span>com a sociedade e responder a seus interesses, refletindo as diversidades regional, de g&ecirc;nero e &eacute;tnico-racial brasileiras. Tamb&eacute;m &eacute; leg&iacute;timo e positivo que a sociedade tenha interesses diversos; o desafio &eacute; t&ecirc;-los todos contemplados num espa&ccedil;o representativo. <\/span><span>&nbsp;<\/span><span>N&atilde;o h&aacute; d&uacute;vida de que quanto mais diversos forem os grupos representados, mais dilu&iacute;dos ficam os poss&iacute;veis interesses particulares. <\/p>\n<p>H&aacute; modelos consolidados em outras &aacute;reas do Estado que devem servir como refer&ecirc;ncia na constru&ccedil;&atilde;o da proposta para a gest&atilde;o da TV Brasil. Os exemplos brasileiros de espa&ccedil;os de participa&ccedil;&atilde;o da sociedade mostram que tais estruturas devem ser compostas de forma ampla e plural a partir da divis&atilde;o por segmentos da sociedade e processos democr&aacute;ticos de escolha, seja por Confer&ecirc;ncia ou por elei&ccedil;&atilde;o direta. Isso j&aacute; acontece em outras estruturas que tamb&eacute;m enfrentaram o desafio de buscar mecanismos de escolha de representantes do conjunto da sociedade. Da mesma forma, deve haver mecanismos de controle social para que os cidad&atilde;os e cidad&atilde;s possam dialogar e demandar de seus representantes. <\/span><span>&nbsp;<\/p>\n<p><\/span><span>Mais do que propor o exato modelo de gest&atilde;o da nova institui&ccedil;&atilde;o de comunica&ccedil;&atilde;o p&uacute;blica, as organiza&ccedil;&otilde;es abaixo-assinadas reivindicam o respeito aos princ&iacute;pios estabelecidos na Carta de Bras&iacute;lia e entendem que qualquer proposta que d&ecirc; ao Executivo federal a prerrogativa de indicar a totalidade dos membros do Conselho Gestor da nova TV Brasil comprometer&aacute; seu objetivo primeiro de consolida&ccedil;&atilde;o de uma efetiva rede p&uacute;blica no pa&iacute;s. <\/span><span>&nbsp;<\/p>\n<p><\/span><span>Brasil, 24 de agosto de 2007<\/span><span>&nbsp;<\/p>\n<p><\/span><span>Assinam, at&eacute; o momento:<\/span><span>&nbsp;<\/span> <\/p>\n<p style=\"margin: 0cm 0cm 0pt\" class=\"MsoNormal\"><span><strong><br \/><u>Entidades de atua&ccedil;&atilde;o nacional<\/u><\/strong><\/span><\/p>\n<p><span><\/p>\n<p>ABONG &ndash; Associa&ccedil;&atilde;o Brasileira de ONGs<br \/><span>Abra&ccedil;o &ndash; Associa&ccedil;&atilde;o Brasileira de Radiodifus&atilde;o Comunit&aacute;ria<br \/><\/span><span>Amarc Brasil &ndash; Associa&ccedil;&atilde;o Mundial de R&aacute;dios Comunit&aacute;rias<br \/><\/span><span>AMB &ndash; Articula&ccedil;&atilde;o de Mulheres Brasileiras<br \/><\/span><span>ANDI &ndash; Ag&ecirc;ncia de Not&iacute;cias dos Direitos da Inf&acirc;ncia<br \/><\/span><span>Apoinme &#8211; Articula&ccedil;&atilde;o dos Povos Ind&iacute;genas do Nordeste, Minas Gerais e Esp&iacute;rito<\/span><span>Santo<br \/><\/span><span>Articula&ccedil;&atilde;o de ONGs de Mulheres Negras Brasileiras<br \/><\/span><span>Campanha pela &Eacute;tica na TV &ndash; &#39;Quem Financia a Baixaria &eacute; Contra a Cidadania&#39;<br \/><\/span><span>CEBES &#8211; Centro Brasileiro de Estudos da Sa&uacute;de<br \/><\/span><span>CEERT &#8211; Centro de Estudos das Rela&ccedil;&otilde;es do Trabalho e da Desigualdade<br \/><\/span><span>CENARAB &#8211; Centro Nacional de Africanidade e Resist&ecirc;ncia Afro-Brasileira<br \/><\/span><span>Cendhec &#8211; Centro Dom Helder C&acirc;mara de Estudos e A&ccedil;&atilde;o Social<br \/><\/span><span>CCLF &ndash; Centro de Cultura Luis Freire<br \/><\/span><span>Cimi &ndash; Conselho Indigenista Mission&aacute;rio<br \/><\/span><span>CMP &ndash; Central de Movimentos Populares<br \/><\/span><span>Coiab &#8211; Coordena&ccedil;&atilde;o das Organiza&ccedil;&otilde;es Ind&iacute;genas da Amaz&ocirc;nia<br \/><\/span><span>CONAM &#8211; Confedera&ccedil;&atilde;o Nacional das Associa&ccedil;&otilde;es de Moradores (<span>Presid&ecirc;ncia) <\/span><br \/><\/span><span>Conlutas &ndash; Coordena&ccedil;&atilde;o Nacional de Lutas<br \/><\/span><span>Conselho de Iy&aacute;l&oacute;ris&aacute;s<br \/><\/span><span>CUT &ndash; Central &Uacute;nica dos Trabalhadores<br \/><\/span><span>Enecos &ndash; Executiva Nacional dos Estudantes de Comunica&ccedil;&atilde;o Social<br \/><\/span><span>Fenaj &ndash; Federa&ccedil;&atilde;o Nacional dos Jornalistas<br \/><\/span><span>Fitert &ndash; Federa&ccedil;&atilde;o Interestadual dos Trabalhadores em Radiodifus&atilde;o e Televis&atilde;o<br \/><\/span><span>Fittel &ndash; Federa&ccedil;&atilde;o Interestadual dos Trabalhadores em Telecomunica&ccedil;&otilde;es<br \/><\/span><span>FNDC &ndash; F&oacute;rum Nacional pela Democratiza&ccedil;&atilde;o da Comunica&ccedil;&atilde;o<br \/><\/span><span>F&oacute;rum Nacional de Mulheres Negras e Oriash&eacute;\/SP<br \/><\/span><span>FENDH &#8211; F&oacute;rum de Entidades Nacionais de Direitos Humanos<br \/><\/span><span>Geled&eacute;s &#8211; Instituto da Mulher Negra<br \/><\/span><span>Ibase &ndash; Instituto Brasileiro de An&aacute;lises Sociais e Econ&ocirc;micas<br \/><\/span><span>INESC &#8211; Instituto de Estudos Socioecon&ocirc;micos<br \/><\/span><span>Instituto Patr&iacute;cia Galv&atilde;o &#8211; Comunica&ccedil;&atilde;o e M&iacute;dia<br \/><\/span><span>Intervozes &ndash; Coletivo Brasil de Comunica&ccedil;&atilde;o Social<br \/><\/span><span>ISA &ndash; Instituto Socioambiental<br \/><\/span><span>Iser Assessoria<br \/><\/span><span>Marcha Mundial das Mulheres<br \/><\/span><span>MMC &ndash; Movimento de Mulheres Camponesas<br \/><\/span><span>MNDH &ndash; Movimento Nacional de Direitos Humanos<br \/><\/span><span>Movimento Consulta Popular<br \/><\/span><span>MST &ndash; Movimento dos Trabalhadores Rurais Sem Terra<br \/><\/span><span>Observat&oacute;rio da Mulher<br \/><\/span><span>Rede Mulher de Educa&ccedil;&atilde;o<br \/><\/span><span>Rede de Mulheres em Comunica&ccedil;&atilde;o<br \/><\/span><span>Rede Nacional Feminista de Sa&uacute;de, Direitos Sexuais e Direitos Reprodutivos<br \/><\/span><span>RITS &ndash; Rede de Informa&ccedil;&otilde;es para o Terceiro Setor<br \/><\/span><span>SOF &#8211; Sempreviva Organiza&ccedil;&atilde;o Feminista<\/span><span>&nbsp;<\/span><span>&nbsp;<br \/><\/span><\/p>\n<p><\/span><\/p>\n<p><span><strong><u>Entidades de atua&ccedil;&atilde;o regional<\/u><\/strong><\/span><span><\/p>\n<p><\/span><span>APCEF-RS &ndash; Associa&ccedil;&atilde;o do Pessoal da Caixa Econ&ocirc;mica Federal do Rio Grande do <\/span><span>Sul<br \/><\/span><span>Comiss&atilde;o Justi&ccedil;a e Paz da Arquidiocese de SP<br \/><\/span><span>Condepe &#8211; Conselho Estadual de Defesa dos Direitos da Pessoa Humana de S&atilde;o <\/span><span>Paulo<br \/><\/span><span>CONRAD &#8211; Conselho Regional de Radiodifus&atilde;o Comunit&aacute;ria<br \/><\/span><span>Fazendo Media &#8211; RJ<br \/><\/span><span>F&oacute;rum Cearense de Mulheres<br \/><\/span><span>F&oacute;rum Estadual de Mulheres Negras &ndash; SP<br \/><\/span><span>Grupo Tortura Nunca Mais &#8211; SP<br \/><\/span><span>Loucas de Pedra Lil&aacute;s &#8211; Recife &ndash; PE<br \/><\/span><span>MMC &ndash; Movimento de Moradia do Centro (SP)<br \/><\/span><span>N&uacute;cleo dos Jornalistas Afro-brasileiros do Sindicato dos Jornalistas Profissionais do <\/span><span>Rio Grande do Sul<br \/><\/span><span>Instituto AMMA Psique e Negritude<br \/><\/span><span>Rede Feminista de Sa&uacute;de &#8211; Regional PE<br \/><\/span><span>Sindcine &ndash; Sindicato dos Trabalhadores na Ind&uacute;stria Cinematogr&aacute;fica do estado de <\/span><span>S&atilde;o Paulo<br \/><\/span><span>Sindicato dos Professores de Nova Friburgo e Regi&atilde;o &ndash; RJ<br \/><\/span><span><span>Sindicato dos Radialistas do Estado de S&atilde;o Paulo<br \/><\/span><\/span><span>TV Comunit&aacute;ria do Rio de Janeiro<br \/><\/span><span>TV J &#8211; Comunit&aacute;rio de Feira de Santana-BA, do Instituto Jera<\/span><span>*<br \/><\/span><\/p>\n<p><span><\/p>\n<p><span>Este manifesto continua aberto a assinaturas de entidades e movimentos sociais pelo e-mail intervozes@obscom.intervozes.org.br ou pelo telefone (11) 3877-0824<\/span> <\/p>\n<p><\/span><\/p>\n","protected":false},"excerpt":{"rendered":"<p>Importantes entidades da sociedade civil, entre movimentos sociais, centrais sindicais e organiza\u00e7\u00f5es n\u00e3o governamentais divulgaram nesta sexta-feira manifesto com fortes cr\u00edticas \u00e0 proposta para o modelo de gest\u00e3o da nova rede p\u00fablica brasileira de televis\u00e3o.<\/p>\n","protected":false},"author":1,"featured_media":0,"comment_status":"open","ping_status":"open","sticky":false,"template":"","format":"standard","meta":{"footnotes":""},"categories":[40],"tags":[259],"_links":{"self":[{"href":"https:\/\/obscom.intervozes.org.br\/index.php?rest_route=\/wp\/v2\/posts\/19041"}],"collection":[{"href":"https:\/\/obscom.intervozes.org.br\/index.php?rest_route=\/wp\/v2\/posts"}],"about":[{"href":"https:\/\/obscom.intervozes.org.br\/index.php?rest_route=\/wp\/v2\/types\/post"}],"author":[{"embeddable":true,"href":"https:\/\/obscom.intervozes.org.br\/index.php?rest_route=\/wp\/v2\/users\/1"}],"replies":[{"embeddable":true,"href":"https:\/\/obscom.intervozes.org.br\/index.php?rest_route=%2Fwp%2Fv2%2Fcomments&post=19041"}],"version-history":[{"count":0,"href":"https:\/\/obscom.intervozes.org.br\/index.php?rest_route=\/wp\/v2\/posts\/19041\/revisions"}],"wp:attachment":[{"href":"https:\/\/obscom.intervozes.org.br\/index.php?rest_route=%2Fwp%2Fv2%2Fmedia&parent=19041"}],"wp:term":[{"taxonomy":"category","embeddable":true,"href":"https:\/\/obscom.intervozes.org.br\/index.php?rest_route=%2Fwp%2Fv2%2Fcategories&post=19041"},{"taxonomy":"post_tag","embeddable":true,"href":"https:\/\/obscom.intervozes.org.br\/index.php?rest_route=%2Fwp%2Fv2%2Ftags&post=19041"}],"curies":[{"name":"wp","href":"https:\/\/api.w.org\/{rel}","templated":true}]}}