{"id":19040,"date":"2007-08-22T13:25:58","date_gmt":"2007-08-22T13:25:58","guid":{"rendered":"https:\/\/obscom.intervozes.org.br\/wordpress\/?p=19040"},"modified":"2007-08-22T13:25:58","modified_gmt":"2007-08-22T13:25:58","slug":"e-tiro-no-pe-ir-a-justica-contra-3g-afirma-bittar","status":"publish","type":"post","link":"https:\/\/obscom.intervozes.org.br\/?p=19040","title":{"rendered":"\u00c9 tiro no p\u00e9 ir \u00e0 Justi\u00e7a contra 3G, afirma Bittar"},"content":{"rendered":"<p>Ao participar da Rio Info 2007, evento que re&uacute;ne executivos do setor de Tecnologia da Informa&ccedil;&atilde;o, nesta ter&ccedil;a-feira, 21\/08, o deputado federal Jorge Bittar, do PT\/RJ, assumiu que preocupa a postura adotada pelas teles m&oacute;veis com rela&ccedil;&atilde;o ao edital de 3G. Segundo ele, qualquer a&ccedil;&atilde;o fora dos tr&acirc;mites do setor trar&aacute; um preju&iacute;zo significativo ao mercado. <\/p>\n<p>&#39;&Eacute; um tiro no p&eacute; das pr&oacute;prias operadoras se elas levarem suas argumenta&ccedil;&otilde;es contra o edital &agrave; Justi&ccedil;a. Posso entender que &eacute; um direito argumentar e ponderar, mas precisamos evitar que se repita a hist&oacute;ria do leil&atilde;o do WiMAX&#39;, ponderou Jorge Bittar, do PT\/RJ. O leil&atilde;o do WiMAX est&aacute; suspenso h&aacute; praticamente 12 meses em fun&ccedil;&atilde;o da rea&ccedil;&atilde;o das concession&aacute;rias de telefonia fixa ao edital tamb&eacute;m desenhado pela Anatel. <\/p>\n<p>Segundo Bittar, o Brasil, mais do que nunca precisa da realiza&ccedil;&atilde;o desse leil&atilde;o para atrair novos investimentos e fomentar tamb&eacute;m a venda de software &#8211; que &eacute; o grande carro-chefe na ind&uacute;stria de TI &#8211; no mercado interno e externo. As operadoras Claro, Vivo e TIM contestaram algumas regras estabelecidas no edital, especialmente, o fato de o leil&atilde;o das sobras do SMP estar condicionado ao das vendas da Terceira Gera&ccedil;&atilde;o, onde h&aacute; uma meta de universaliza&ccedil;&atilde;o por parte do governo. <\/p>\n<p>&#39;Espero, sinceramente, que n&atilde;o venha a ocorrer a&ccedil;&otilde;es na Justi&ccedil;a. Isso s&oacute; nos causaria problema e colocaria o Brasil num ponto muito ruim em rela&ccedil;&atilde;o a outros pa&iacute;ses, inclusive, na pr&oacute;pria America Latina&#39;, destacou Bittar. <\/p>\n<p>A consulta p&uacute;blica sobre o edital de 3G terminou a meia noite desta segunda-feira, 20\/08. Agora, a Anatel ir&aacute; compilar as contribui&ccedil;&otilde;es e definir o edital final. Previs&atilde;o &eacute; realizar o leil&atilde;o at&eacute; o final de novembro. <\/p>\n<p><img loading=\"lazy\" decoding=\"async\" src=\"images\/stories\/politica_publicacoes\/c_normal_pq.png\" alt=\"Active Image\" width=\"15\" height=\"15\" \/>&nbsp;Converg&ecirc;ncia Digital.<\/p>\n","protected":false},"excerpt":{"rendered":"<p>Ao participar da Rio Info 2007, evento que re&uacute;ne executivos do setor de Tecnologia da Informa&ccedil;&atilde;o, nesta ter&ccedil;a-feira, 21\/08, o deputado federal Jorge Bittar, do PT\/RJ, assumiu que preocupa a postura adotada pelas teles m&oacute;veis com rela&ccedil;&atilde;o ao edital de 3G. Segundo ele, qualquer a&ccedil;&atilde;o fora dos tr&acirc;mites do setor trar&aacute; um preju&iacute;zo significativo ao &hellip; <a href=\"https:\/\/obscom.intervozes.org.br\/?p=19040\" class=\"more-link\">Continue lendo <span class=\"screen-reader-text\">\u00c9 tiro no p\u00e9 ir \u00e0 Justi\u00e7a contra 3G, afirma Bittar<\/span> <span class=\"meta-nav\">&rarr;<\/span><\/a><\/p>\n","protected":false},"author":1,"featured_media":0,"comment_status":"open","ping_status":"open","sticky":false,"template":"","format":"standard","meta":{"footnotes":""},"categories":[40],"tags":[107],"_links":{"self":[{"href":"https:\/\/obscom.intervozes.org.br\/index.php?rest_route=\/wp\/v2\/posts\/19040"}],"collection":[{"href":"https:\/\/obscom.intervozes.org.br\/index.php?rest_route=\/wp\/v2\/posts"}],"about":[{"href":"https:\/\/obscom.intervozes.org.br\/index.php?rest_route=\/wp\/v2\/types\/post"}],"author":[{"embeddable":true,"href":"https:\/\/obscom.intervozes.org.br\/index.php?rest_route=\/wp\/v2\/users\/1"}],"replies":[{"embeddable":true,"href":"https:\/\/obscom.intervozes.org.br\/index.php?rest_route=%2Fwp%2Fv2%2Fcomments&post=19040"}],"version-history":[{"count":0,"href":"https:\/\/obscom.intervozes.org.br\/index.php?rest_route=\/wp\/v2\/posts\/19040\/revisions"}],"wp:attachment":[{"href":"https:\/\/obscom.intervozes.org.br\/index.php?rest_route=%2Fwp%2Fv2%2Fmedia&parent=19040"}],"wp:term":[{"taxonomy":"category","embeddable":true,"href":"https:\/\/obscom.intervozes.org.br\/index.php?rest_route=%2Fwp%2Fv2%2Fcategories&post=19040"},{"taxonomy":"post_tag","embeddable":true,"href":"https:\/\/obscom.intervozes.org.br\/index.php?rest_route=%2Fwp%2Fv2%2Ftags&post=19040"}],"curies":[{"name":"wp","href":"https:\/\/api.w.org\/{rel}","templated":true}]}}