{"id":19038,"date":"2007-08-22T12:51:40","date_gmt":"2007-08-22T12:51:40","guid":{"rendered":"https:\/\/obscom.intervozes.org.br\/wordpress\/?p=19038"},"modified":"2007-08-22T12:51:40","modified_gmt":"2007-08-22T12:51:40","slug":"comunicacao-na-sociedade-digital-e-tema-do-intercom-2007","status":"publish","type":"post","link":"https:\/\/obscom.intervozes.org.br\/?p=19038","title":{"rendered":"Comunica\u00e7\u00e3o na Sociedade Digital \u00e9 tema do Intercom 2007"},"content":{"rendered":"<p>As universidades Santa Cec&iacute;lia, Cat&oacute;lica e Unimonte, de Santos\/SP, ser&atilde;o palco, a partir do pr&oacute;ximo dia 29, de um dos mais importantes eventos cient&iacute;ficos da &aacute;rea de Comunica&ccedil;&atilde;o, o 30&ordm; Congresso Brasileiro de Ci&ecirc;ncias da Comunica&ccedil;&atilde;o (Intercom 2007), que vai at&eacute; 2 de setembro. Neste ano, o tema &eacute; &lsquo;Mercado e Comunica&ccedil;&atilde;o na Sociedade Digital&rsquo;. O objetivo &eacute; reunir pesquisadores brasileiros e do exterior em um f&oacute;rum cient&iacute;fico interdisciplinar para refletir o assunto, bem como todas as quest&otilde;es relevantes e emergentes da Comunica&ccedil;&atilde;o, al&eacute;m de proporcionar encontros e debates entre estudantes, profissionais e professores. <\/p>\n<p>Para o presidente da Intercom, Jos&eacute; Marques de Melo, &ldquo;falar em mercado e comunica&ccedil;&atilde;o na sociedade contempor&acirc;nea, marcada pela digitaliza&ccedil;&atilde;o, pela acelera&ccedil;&atilde;o, pelas muta&ccedil;&otilde;es, &eacute; se referir n&atilde;o apenas &agrave;s plataformas e meios existentes, mas a novos e desconhecidos cen&aacute;rios&rdquo;. Melo complementa: &ldquo;O mercado, diante disso, tem que se reconfigurar, para abranger m&iacute;dias, plataformas, performances desconhecidas das tradicionais disciplinas e profiss&otilde;es existentes&rdquo;. <\/p>\n<p>A programa&ccedil;&atilde;o tem in&iacute;cio com o pr&eacute;-congresso, com debates sobre novas tecnologias de informa&ccedil;&atilde;o e a comunica&ccedil;&atilde;o. Ser&atilde;o apresentados 19 trabalhos no Col&oacute;quio Bi-Nacional Brasil-Argentina, que acontece nos dias 29 e 30 de agosto. O evento &eacute; resultado da parceria entre Intercom e Federaci&oacute;n Argentina de Carreras de Comunicaci&oacute;n Social. A partir do dia 30, ser&atilde;odebatidos os temas Inova&ccedil;&otilde;es Jornal&iacute;sticas, Inf&acirc;ncia e M&iacute;dia, Capitalismo e comunica&ccedil;&atilde;o, Rumos da TV Digital, Futuro das R&aacute;dios e R&aacute;dios Digitais, Blogs e Relacionamentos Digitais, Jornalismo Digital, Produ&ccedil;&atilde;o de Conte&uacute;dos e M&iacute;dias Digitais, Imagens e Imagina&ccedil;&otilde;es Digitais e Comunica&ccedil;&atilde;o e Bibliotecas Digitais, entre outros. <\/p>\n<p>Tamb&eacute;m est&atilde;o marcados dois grandes eventos: Cecom (Ciclo de Estudos Interdisciplinares da Comunica&ccedil;&atilde;o) e Intercom 30 &ndash; &lsquo;Desafios da Imprensa na Sociedade Digital&rsquo;. Eles tratar&atilde;o da vis&atilde;o profissional na comunica&ccedil;&atilde;o, onde teremos a participa&ccedil;&atilde;o dos jornalistas Sinval Itacarambi Le&atilde;o, Pedro Venceslau e Rodrigo Manzano, da revista Imprensa, Eduardo Ribeiro, do informativo Jornalistas&amp;Cia, e Ethevaldo Siqueira, da CBN, entre outros, e pesquisadores como Manuel Carlos Chaparro (USP), Jos&eacute; Marques de Melo e Tyciane Viana Vaz(Umesp), C&eacute;sar Bola&ntilde;o (UFS), Roseane Pinheiro (Rede Alcar), Nelia Del Bianco (UnB), Ida Stumpf (Ufrgs), Rosa Maria Dalla Costa (UFPR). <\/p>\n<p>&nbsp;<\/p>\n","protected":false},"excerpt":{"rendered":"<p>As universidades Santa Cec&iacute;lia, Cat&oacute;lica e Unimonte, de Santos\/SP, ser&atilde;o palco, a partir do pr&oacute;ximo dia 29, de um dos mais importantes eventos cient&iacute;ficos da &aacute;rea de Comunica&ccedil;&atilde;o, o 30&ordm; Congresso Brasileiro de Ci&ecirc;ncias da Comunica&ccedil;&atilde;o (Intercom 2007), que vai at&eacute; 2 de setembro. Neste ano, o tema &eacute; &lsquo;Mercado e Comunica&ccedil;&atilde;o na Sociedade Digital&rsquo;. &hellip; <a href=\"https:\/\/obscom.intervozes.org.br\/?p=19038\" class=\"more-link\">Continue lendo <span class=\"screen-reader-text\">Comunica\u00e7\u00e3o na Sociedade Digital \u00e9 tema do Intercom 2007<\/span> <span class=\"meta-nav\">&rarr;<\/span><\/a><\/p>\n","protected":false},"author":1,"featured_media":0,"comment_status":"open","ping_status":"open","sticky":false,"template":"","format":"standard","meta":{"footnotes":""},"categories":[40],"tags":[94],"_links":{"self":[{"href":"https:\/\/obscom.intervozes.org.br\/index.php?rest_route=\/wp\/v2\/posts\/19038"}],"collection":[{"href":"https:\/\/obscom.intervozes.org.br\/index.php?rest_route=\/wp\/v2\/posts"}],"about":[{"href":"https:\/\/obscom.intervozes.org.br\/index.php?rest_route=\/wp\/v2\/types\/post"}],"author":[{"embeddable":true,"href":"https:\/\/obscom.intervozes.org.br\/index.php?rest_route=\/wp\/v2\/users\/1"}],"replies":[{"embeddable":true,"href":"https:\/\/obscom.intervozes.org.br\/index.php?rest_route=%2Fwp%2Fv2%2Fcomments&post=19038"}],"version-history":[{"count":0,"href":"https:\/\/obscom.intervozes.org.br\/index.php?rest_route=\/wp\/v2\/posts\/19038\/revisions"}],"wp:attachment":[{"href":"https:\/\/obscom.intervozes.org.br\/index.php?rest_route=%2Fwp%2Fv2%2Fmedia&parent=19038"}],"wp:term":[{"taxonomy":"category","embeddable":true,"href":"https:\/\/obscom.intervozes.org.br\/index.php?rest_route=%2Fwp%2Fv2%2Fcategories&post=19038"},{"taxonomy":"post_tag","embeddable":true,"href":"https:\/\/obscom.intervozes.org.br\/index.php?rest_route=%2Fwp%2Fv2%2Ftags&post=19038"}],"curies":[{"name":"wp","href":"https:\/\/api.w.org\/{rel}","templated":true}]}}