{"id":19033,"date":"2007-08-21T18:32:22","date_gmt":"2007-08-21T18:32:22","guid":{"rendered":"https:\/\/obscom.intervozes.org.br\/wordpress\/?p=19033"},"modified":"2007-08-21T18:32:22","modified_gmt":"2007-08-21T18:32:22","slug":"decisao-sobre-bloqueio-de-gravacao-na-tv-digital-sera-de-lula","status":"publish","type":"post","link":"https:\/\/obscom.intervozes.org.br\/?p=19033","title":{"rendered":"Decis\u00e3o sobre bloqueio de grava\u00e7\u00e3o na TV digital ser\u00e1 de Lula"},"content":{"rendered":"<p>A decis&atilde;o de permitir ou n&atilde;o o bloqueio da grava&ccedil;&atilde;o de programas na TV digital ser&aacute; tomada pelo presidente Luiz In&aacute;cio Lula da Silva. A Folha Online apurou que, como os ministros do Comit&ecirc; de Desenvolvimento da TV digital n&atilde;o chegam a um consenso sobre o assunto, a quest&atilde;o dever&aacute; ser apresentada ao presidente que &eacute; quem dar&aacute; a palavra final sobre o assunto.<\/p>\n<p>&quot;O comit&ecirc; far&aacute; as avalia&ccedil;&otilde;es, mas a decis&atilde;o ser&aacute; do presidente&quot;, declarou &agrave; Folha Online uma fonte do governo.&nbsp;<\/p>\n<p>O &nbsp;principal opositor ao bloqueio de grava&ccedil;&atilde;o no comit&ecirc; &eacute; o Minist&eacute;rio da Cultura, que quer que todos os programas sejam grav&aacute;veis. J&aacute; o Minist&eacute;rio das Comunica&ccedil;&otilde;es e a Casa Civil seriam favor&aacute;veis &agrave; permiss&atilde;o de bloquear alguns programas. O pr&oacute;prio ministro H&eacute;lio Costa, que inicialmente achava o bloqueio inconstitucional, declarou que &eacute; necess&aacute;rio criar algum mecanismo para proteger os direitos autorais dos produtores de programa. <\/p>\n<p>O bloqueio &eacute; reivindicado pelas emissoras de televis&atilde;o, que alegam que, com as transmiss&otilde;es em sinal digital, o telespectador poderia regravar programas com a qualidade de DVD e revend&ecirc;-los. &quot;Com o conte&uacute;do digital, h&aacute; uma grande possibilidade de haver pirataria. O que queremos &eacute; que seja proibida a segunda c&oacute;pia. Isso n&atilde;o restringe que o cidad&atilde;o fa&ccedil;a uma c&oacute;pia do programa para assistir depois&quot;, explicou &agrave; Folha Online o presidente da Abert (Associa&ccedil;&atilde;o Brasileira de Emissoras de R&aacute;dio e Televis&atilde;o), Daniel Slaviero. <\/p>\n<p>A proposta das emissoras &eacute; permitir o bloqueio de alguns programas. Eles poder&atilde;o ser &quot;baixados&quot; para a televis&atilde;o do telespectador, que poder&aacute; v&ecirc;-los v&aacute;rias vezes depois, mas n&atilde;o copi&aacute;-los em um DVD, por exemplo.<\/p>\n<p>Slaviero reclama que as emissoras n&atilde;o conseguir&atilde;o os direitos para transmitir programas internacionais como Copa do Mundo e Olimp&iacute;adas caso n&atilde;o seja proibida a grava&ccedil;&atilde;o e teriam problemas tamb&eacute;m na contrata&ccedil;&atilde;o de filmes. &quot;A proibi&ccedil;&atilde;o j&aacute; faz parte dos contratos de eventos internacionais. No mundo todo &eacute; assim&quot;, afirmou.<\/p>\n<p>Como faltam menos de quatro meses para o in&iacute;cio das transmiss&otilde;es digitais, que come&ccedil;ar&atilde;o em S&atilde;o Paulo no dia 2 de dezembro, as emissoras sugeriram ao governo que deixe a quest&atilde;o do bloqueio de fora das especifica&ccedil;&otilde;es t&eacute;cnicas em um primeiro momento, e que forme um grupo de trabalho espec&iacute;fico para debater essa quest&atilde;o. <\/p>\n<p>O bloqueio &eacute; o &uacute;ltimo ponto a ser definido para que a ind&uacute;stria possa produzir os conversores, mas a ind&uacute;stria entende que as primeiras caixinhas que chegar&atilde;o ao mercado s&atilde;o simples e podem nem sequer permitir a grava&ccedil;&atilde;o de programas. &quot;O que n&oacute;s queremos &eacute; que n&atilde;o seja inclu&iacute;do nas normas t&eacute;cnicas categoricamente a proibi&ccedil;&atilde;o nesse momento, mas o ideal &eacute; que a decis&atilde;o seja tomada em tempo h&aacute;bil, antes de 2 de dezembro&quot;, pediu Slaviero. <\/p>\n<p><strong>Diverg&ecirc;ncias <\/p>\n<p><\/strong>A quest&atilde;o do bloqueio abriu diverg&ecirc;ncias no governo. Al&eacute;m da posi&ccedil;&atilde;o contr&aacute;ria do Minist&eacute;rio da Cultura, a Casa Civil chegou a divulgar nota negando que o comit&ecirc; j&aacute; tivesse tomado uma decis&atilde;o a favor do bloqueio. Isso foi feito em junho, no mesmo dia em que o ministro H&eacute;lio Costa declarou que isso havia sido &quot;acertado&quot; em um almo&ccedil;o com representantes das redes de TV e a ministra da Casa Civil, Dilma Rousseff. <\/p>\n<p>A Folha Online apurou, por&eacute;m, que a tend&ecirc;ncia &eacute; que a Casa Civil acompanhe o entendimento dos r&aacute;diodifusores e recomende ao presidente Lula a proibi&ccedil;&atilde;o das grava&ccedil;&otilde;es. <\/p>\n<p><img loading=\"lazy\" decoding=\"async\" src=\"images\/stories\/politica_publicacoes\/c_normal_pq.png\" alt=\"Active Image\" width=\"15\" height=\"15\" \/>&nbsp;Folha Online<\/p>\n","protected":false},"excerpt":{"rendered":"<p>A decis&atilde;o de permitir ou n&atilde;o o bloqueio da grava&ccedil;&atilde;o de programas na TV digital ser&aacute; tomada pelo presidente Luiz In&aacute;cio Lula da Silva. A Folha Online apurou que, como os ministros do Comit&ecirc; de Desenvolvimento da TV digital n&atilde;o chegam a um consenso sobre o assunto, a quest&atilde;o dever&aacute; ser apresentada ao presidente que &hellip; <a href=\"https:\/\/obscom.intervozes.org.br\/?p=19033\" class=\"more-link\">Continue lendo <span class=\"screen-reader-text\">Decis\u00e3o sobre bloqueio de grava\u00e7\u00e3o na TV digital ser\u00e1 de Lula<\/span> <span class=\"meta-nav\">&rarr;<\/span><\/a><\/p>\n","protected":false},"author":1,"featured_media":0,"comment_status":"open","ping_status":"open","sticky":false,"template":"","format":"standard","meta":{"footnotes":""},"categories":[40],"tags":[91],"_links":{"self":[{"href":"https:\/\/obscom.intervozes.org.br\/index.php?rest_route=\/wp\/v2\/posts\/19033"}],"collection":[{"href":"https:\/\/obscom.intervozes.org.br\/index.php?rest_route=\/wp\/v2\/posts"}],"about":[{"href":"https:\/\/obscom.intervozes.org.br\/index.php?rest_route=\/wp\/v2\/types\/post"}],"author":[{"embeddable":true,"href":"https:\/\/obscom.intervozes.org.br\/index.php?rest_route=\/wp\/v2\/users\/1"}],"replies":[{"embeddable":true,"href":"https:\/\/obscom.intervozes.org.br\/index.php?rest_route=%2Fwp%2Fv2%2Fcomments&post=19033"}],"version-history":[{"count":0,"href":"https:\/\/obscom.intervozes.org.br\/index.php?rest_route=\/wp\/v2\/posts\/19033\/revisions"}],"wp:attachment":[{"href":"https:\/\/obscom.intervozes.org.br\/index.php?rest_route=%2Fwp%2Fv2%2Fmedia&parent=19033"}],"wp:term":[{"taxonomy":"category","embeddable":true,"href":"https:\/\/obscom.intervozes.org.br\/index.php?rest_route=%2Fwp%2Fv2%2Fcategories&post=19033"},{"taxonomy":"post_tag","embeddable":true,"href":"https:\/\/obscom.intervozes.org.br\/index.php?rest_route=%2Fwp%2Fv2%2Ftags&post=19033"}],"curies":[{"name":"wp","href":"https:\/\/api.w.org\/{rel}","templated":true}]}}