{"id":19018,"date":"2007-08-20T16:37:36","date_gmt":"2007-08-20T16:37:36","guid":{"rendered":"https:\/\/obscom.intervozes.org.br\/wordpress\/?p=19018"},"modified":"2007-08-20T16:37:36","modified_gmt":"2007-08-20T16:37:36","slug":"a-midia-nas-eleicoes-de-2006-e-lancado-em-sao-paulo-brasilia-belo-horizonte-e-manaus","status":"publish","type":"post","link":"https:\/\/obscom.intervozes.org.br\/?p=19018","title":{"rendered":"&#8220;A m\u00eddia nas elei\u00e7\u00f5es de 2006&#8221; \u00e9 lan\u00e7ado em S\u00e3o Paulo, Bras\u00edlia, Belo Horizonte e Manaus"},"content":{"rendered":"<p><span>A Editora Funda&ccedil;&atilde;o Perseu Abramo (EFPA) juntamente com entidades e institui&ccedil;&otilde;es locais promove o lan&ccedil;amento do livro A m&iacute;dia nas Elei&ccedil;&otilde;es de 2006, organizado por Ven&iacute;cio A. de Lima, em Bras&iacute;lia, Manaus, Belo Horizonte e S&atilde;o Paulo. O livro re&uacute;ne artigos de 16 especialistas sobre o desempenho da m&iacute;dia nas elei&ccedil;&otilde;es presidenciais de 2006. Parte dos autores participar&aacute; dos lan&ccedil;amentos. Confira as datas e locais:<\/p>\n<p><\/span><span><strong><u>Belo Horizonte<br \/><\/u><\/strong><\/span><span>21\/8, ter&ccedil;a-feira, &agrave;s 12 hs<br \/><\/span><span>Com a presen&ccedil;a de: Ven&iacute;cio Artur de Lima<br \/><\/span><span>Local: UFMG &#8211; Audit&oacute;rio Vermelho (sala 1007) da Faculdade de Letras<br \/><\/span><span>Informa&ccedil;&otilde;es: (31)3499-4559 e (31)3499-6401 <br \/><\/span><span>Promo&ccedil;&atilde;o: EFPA e DCE\/UFMG<\/span><span>&nbsp;<\/p>\n<p><\/span><span><strong><u>Manaus<br \/><\/u><\/strong><\/span><span>25\/8, s&aacute;bado, de 9h &agrave;s 12h <br \/><\/span><span>Com a presen&ccedil;a de Ven&iacute;cio A. de Lima <br \/><\/span><span>Local: UEA &ndash; Audit&oacute;rio da Reitoria<br \/><\/span><span>Informa&ccedil;&otilde;es: (92) 3234-9977<br \/><\/span><span>Promo&ccedil;&atilde;o: EFPA, Sindicato dos Jornalistas do AM, Associa&ccedil;&atilde;o de Cinema e V&iacute;deo do AM e Centro dos Direitos Humanos da Arquidiocese de Manaus<\/span><span>&nbsp;<\/p>\n<p><\/span><span><u><strong>Bras&iacute;lia<\/strong><br \/><\/u><\/span><span>28\/8, ter&ccedil;a-feira &agrave;s 19 horas<br \/><\/span><span>Com a presen&ccedil;a de: Ven&iacute;cio Artur de Lima e Luis Felipe Miguel{<br \/><\/span><span>Local: Monumental Bar e Restaurante: CLS Quadra 201 Bloco &quot;C&quot;, Asa Sul (Bras&iacute;lia\/DF)<br \/><\/span><span>Informa&ccedil;&otilde;es: (61) 3328-8046<br \/><\/span><span>Promo&ccedil;&atilde;o: EFPA, Sindicato dos Jornalistas do DF e o NEMP\/UnB<\/span><span>&nbsp;<br \/><\/span><span><strong><u><br \/>S&atilde;o Paulo<br \/><\/u><\/strong><\/span><span>30\/8, quinta-feira &agrave;s 19h30 <br \/><\/span><span>Com a presen&ccedil;a de: Ven&iacute;cio A. de Lima, Renato Rovai, Luis Nassif, Bernardo Kucinski, Kjeld Jakobsen, Cl&oacute;vis Barros Filho, Vladimir Safatle, Marcelo Coutinho e Rodrigo Viana.<br \/><\/span><span>Local: Sindicato dos Jornalistas de SP &#8211; Audit&oacute;rio Vladimir Herzog: Rua Rego Freitas, 530, sobreloja, Vila Buarque (S&atilde;o Paulo\/SP)<br \/><\/span>Informa&ccedil;&otilde;es: (11) 3217.6299<br \/><span>Promo&ccedil;&atilde;o: EFPA e Sindicato dos Jornalistas no Estado de SP&nbsp; <\/span><\/p>\n","protected":false},"excerpt":{"rendered":"<p>A Editora Funda&ccedil;&atilde;o Perseu Abramo (EFPA) juntamente com entidades e institui&ccedil;&otilde;es locais promove o lan&ccedil;amento do livro A m&iacute;dia nas Elei&ccedil;&otilde;es de 2006, organizado por Ven&iacute;cio A. de Lima, em Bras&iacute;lia, Manaus, Belo Horizonte e S&atilde;o Paulo. O livro re&uacute;ne artigos de 16 especialistas sobre o desempenho da m&iacute;dia nas elei&ccedil;&otilde;es presidenciais de 2006. Parte &hellip; <a href=\"https:\/\/obscom.intervozes.org.br\/?p=19018\" class=\"more-link\">Continue lendo <span class=\"screen-reader-text\">&#8220;A m\u00eddia nas elei\u00e7\u00f5es de 2006&#8221; \u00e9 lan\u00e7ado em S\u00e3o Paulo, Bras\u00edlia, Belo Horizonte e Manaus<\/span> <span class=\"meta-nav\">&rarr;<\/span><\/a><\/p>\n","protected":false},"author":1,"featured_media":0,"comment_status":"open","ping_status":"open","sticky":false,"template":"","format":"standard","meta":{"footnotes":""},"categories":[39],"tags":[],"_links":{"self":[{"href":"https:\/\/obscom.intervozes.org.br\/index.php?rest_route=\/wp\/v2\/posts\/19018"}],"collection":[{"href":"https:\/\/obscom.intervozes.org.br\/index.php?rest_route=\/wp\/v2\/posts"}],"about":[{"href":"https:\/\/obscom.intervozes.org.br\/index.php?rest_route=\/wp\/v2\/types\/post"}],"author":[{"embeddable":true,"href":"https:\/\/obscom.intervozes.org.br\/index.php?rest_route=\/wp\/v2\/users\/1"}],"replies":[{"embeddable":true,"href":"https:\/\/obscom.intervozes.org.br\/index.php?rest_route=%2Fwp%2Fv2%2Fcomments&post=19018"}],"version-history":[{"count":0,"href":"https:\/\/obscom.intervozes.org.br\/index.php?rest_route=\/wp\/v2\/posts\/19018\/revisions"}],"wp:attachment":[{"href":"https:\/\/obscom.intervozes.org.br\/index.php?rest_route=%2Fwp%2Fv2%2Fmedia&parent=19018"}],"wp:term":[{"taxonomy":"category","embeddable":true,"href":"https:\/\/obscom.intervozes.org.br\/index.php?rest_route=%2Fwp%2Fv2%2Fcategories&post=19018"},{"taxonomy":"post_tag","embeddable":true,"href":"https:\/\/obscom.intervozes.org.br\/index.php?rest_route=%2Fwp%2Fv2%2Ftags&post=19018"}],"curies":[{"name":"wp","href":"https:\/\/api.w.org\/{rel}","templated":true}]}}