{"id":19014,"date":"2007-08-20T13:11:50","date_gmt":"2007-08-20T13:11:50","guid":{"rendered":"https:\/\/obscom.intervozes.org.br\/wordpress\/?p=19014"},"modified":"2007-08-20T13:11:50","modified_gmt":"2007-08-20T13:11:50","slug":"associacao-de-ongs-critica-proposta-para-modelo-de-gestao","status":"publish","type":"post","link":"https:\/\/obscom.intervozes.org.br\/?p=19014","title":{"rendered":"Associa\u00e7\u00e3o de ONGs critica proposta para modelo de gest\u00e3o"},"content":{"rendered":"<p><span>Em editorial publicado em seu boletim semanal &ndash; o Informes Abong &ndash; a <a href=\"http:\/\/www.abong.org.br\/\">Associa&ccedil;&atilde;o Brasileira de Organiza&ccedil;&otilde;es N&atilde;o Governamentais<\/a> critica a proposta de gest&atilde;o da TV p&uacute;blica que est&aacute; sendo discutida no &acirc;mbito da Secretaria de Comunica&ccedil;&atilde;o Social (Secom). A proposta trabalhada no governo &eacute; a de estabelecer mecanismos de gest&atilde;o vinculados exclusivamente ao Executivo federal: tanto o conselho gestor da TV Brasil quanto a presid&ecirc;ncia da emissora seriam indicados pelo Presidente da Rep&uacute;blica, sem necessidade de aprova&ccedil;&atilde;o por um &oacute;rg&atilde;o independente.<\/p>\n<p><\/span><span>Para a Abong, que re&uacute;ne mais de 270 organiza&ccedil;&otilde;es de todo Brasil, &ldquo;a possibilidade de um &ldquo;conselho de not&aacute;veis&rdquo; gerir a TV P&uacute;blica vai de encontro a qualquer ac&uacute;mulo em rela&ccedil;&atilde;o &agrave; representa&ccedil;&atilde;o da sociedade em espa&ccedil;os de participa&ccedil;&atilde;o, onde se trabalha pela desvincula&ccedil;&atilde;o de interesses exclusivos de governos&rdquo;.<\/p>\n<p><\/span><span>O texto, intitulado &ldquo;TV p&uacute;blica: a chance de ver o p&uacute;blico na comunica&ccedil;&atilde;o&rdquo;, afirma que &ldquo;com a proposta de cria&ccedil;&atilde;o da rede de TV p&uacute;blica para o pa&iacute;s, abre-se uma chance de fazer um debate que envolva a sociedade e gere uma pol&iacute;tica de interesse p&uacute;blico, que trate de fato a comunica&ccedil;&atilde;o como direito&rdquo;. Por isso, a associa&ccedil;&atilde;o critica a proposta de um conselho indicado pelo governo, pois isso &ldquo;pode comprometer a autonomia da emissora &ndash; elemento essencial para que ela seja considerada p&uacute;blica e n&atilde;o estatal&rdquo;. E estende a cr&iacute;tica aos demais espa&ccedil;os de participa&ccedil;&atilde;o criados no governo Lula, que segue m este modelo &ldquo;motivo de&nbsp; reiteradas criticas da Abong a esta concep&ccedil;&atilde;o de participa&ccedil;&atilde;o&rdquo;.&nbsp; <\/p>\n<p><\/span><span>A entidade afirma ainda que &eacute; necess&aacute;rio aproveitar todo debate que se fez, principalmente nos anos 1980 e 1990,&nbsp; para construir a arquitetura da participa&ccedil;&atilde;o em outros campos dos direitos humanos em que estas pr&aacute;ticas j&aacute; est&atilde;o consolidadas, como, por exemplo, na Sa&uacute;de, nas Cidades, na Educa&ccedil;&atilde;o e na Assist&ecirc;ncia Social; e que a pol&iacute;tica de participa&ccedil;&atilde;o na comunica&ccedil;&atilde;o n&atilde;o pode ser pro forma ou para referendar as decis&otilde;es j&aacute; tomadas pelos Poderes.<\/p>\n<p><\/span><span>&ldquo;O grande desafio que temos &eacute; de parar de encarar a comunica&ccedil;&atilde;o como moeda de troca e mercadoria e respeit&aacute;-la como direito humano&rdquo;, diz o editorial. &ldquo;S&oacute; assim, vamos avan&ccedil;ar para a retomada do real sentido de p&uacute;blico na comunica&ccedil;&atilde;o brasileira&rdquo;, conclui.<\/p>\n<p><\/span><span>&nbsp;<img loading=\"lazy\" decoding=\"async\" src=\"images\/stories\/politica_publicacoes\/c_invertido_pq.png\" alt=\"Active Image\" width=\"15\" height=\"15\" \/><\/span><\/p>\n","protected":false},"excerpt":{"rendered":"<p>Associa\u00e7\u00e3o Brasileira de Organiza\u00e7\u00f5es N\u00e3o Governamentais critica a proposta de gest\u00e3o da TV p\u00fablica que est\u00e1 sendo discutida no \u00e2mbito da Secretaria de Comunica\u00e7\u00e3o Social, segundo a qual a indica\u00e7\u00e3o do conselho gestor ser\u00e1 atribui\u00e7\u00e3o exclusiva do Executivo federal.<\/p>\n","protected":false},"author":1,"featured_media":0,"comment_status":"open","ping_status":"open","sticky":false,"template":"","format":"standard","meta":{"footnotes":""},"categories":[40],"tags":[259],"_links":{"self":[{"href":"https:\/\/obscom.intervozes.org.br\/index.php?rest_route=\/wp\/v2\/posts\/19014"}],"collection":[{"href":"https:\/\/obscom.intervozes.org.br\/index.php?rest_route=\/wp\/v2\/posts"}],"about":[{"href":"https:\/\/obscom.intervozes.org.br\/index.php?rest_route=\/wp\/v2\/types\/post"}],"author":[{"embeddable":true,"href":"https:\/\/obscom.intervozes.org.br\/index.php?rest_route=\/wp\/v2\/users\/1"}],"replies":[{"embeddable":true,"href":"https:\/\/obscom.intervozes.org.br\/index.php?rest_route=%2Fwp%2Fv2%2Fcomments&post=19014"}],"version-history":[{"count":0,"href":"https:\/\/obscom.intervozes.org.br\/index.php?rest_route=\/wp\/v2\/posts\/19014\/revisions"}],"wp:attachment":[{"href":"https:\/\/obscom.intervozes.org.br\/index.php?rest_route=%2Fwp%2Fv2%2Fmedia&parent=19014"}],"wp:term":[{"taxonomy":"category","embeddable":true,"href":"https:\/\/obscom.intervozes.org.br\/index.php?rest_route=%2Fwp%2Fv2%2Fcategories&post=19014"},{"taxonomy":"post_tag","embeddable":true,"href":"https:\/\/obscom.intervozes.org.br\/index.php?rest_route=%2Fwp%2Fv2%2Ftags&post=19014"}],"curies":[{"name":"wp","href":"https:\/\/api.w.org\/{rel}","templated":true}]}}