{"id":19012,"date":"2007-08-20T12:10:47","date_gmt":"2007-08-20T12:10:47","guid":{"rendered":"https:\/\/obscom.intervozes.org.br\/wordpress\/?p=19012"},"modified":"2007-08-20T12:10:47","modified_gmt":"2007-08-20T12:10:47","slug":"audiencia-expoe-equivocos-da-politica-governametal","status":"publish","type":"post","link":"https:\/\/obscom.intervozes.org.br\/?p=19012","title":{"rendered":"Audi\u00eancia exp\u00f5e equ\u00edvocos da pol\u00edtica governametal"},"content":{"rendered":"<p>Representantes de entidades ligadas ao servi&ccedil;o de radiodifus&atilde;o comunit&aacute;ria expuseram em audi&ecirc;ncia p&uacute;blica com parlamentares da C&acirc;mara Federal, esta semana, as dificuldades que enfrentam para obter licen&ccedil;a e outorga e os impasses decorrentes da implanta&ccedil;&atilde;o de freq&uuml;&ecirc;ncia digital. Na ocasi&atilde;o, a deputada Luiza Erundina apontou o ministro das Comunica&ccedil;&otilde;es, H&eacute;lio Costa, como respons&aacute;vel por ter &#39;afastado o legislativo&#39; do debate sobre o modelo de r&aacute;dio digital.<\/p>\n<p>Entidades do setor de radiodifus&atilde;o comunit&aacute;ria participaram dos debates da Comiss&atilde;o de Ci&ecirc;ncia e Tecnologia, Comunica&ccedil;&atilde;o e Inform&aacute;tica (CCTCI) da C&acirc;mara Federal, na &uacute;ltima ter&ccedil;a-feira, 14 de agosto, levando aos parlamentares e o p&uacute;blico presente os problemas enfrentados pelas r&aacute;dios ao tentarem se legalizar. O debate, que tratou dos procedimentos de outorga, fiscaliza&ccedil;&atilde;o e legisla&ccedil;&atilde;o, e das modifica&ccedil;&otilde;es na sistem&aacute;tica de radiodifus&atilde;o brasileira (em vias de iniciar processo de digitaliza&ccedil;&atilde;o), foi solicitado pela deputada Luiza Erundina (PSB-SP), presidente da Subcomiss&atilde;o Especial que analisa os procedimentos de concess&atilde;o e renova&ccedil;&atilde;o de outorgas de servi&ccedil;os de radiodifus&atilde;o.<\/p>\n<p>Br&aacute;ulio Ribeiro, representante do Coletivo Intervozes, Joaquim Carlos Carvalho, coordenador jur&iacute;dico da Associa&ccedil;&atilde;o Brasileira de Radiodifus&atilde;o Comunit&aacute;ria (Abra&ccedil;o) e Soraia da Rosa Mendes, representante do Conselho Regional de Radiodifus&atilde;o Comunit&aacute;ria (Conrad), estiveram presentes e fizeram fortes cr&iacute;ticas &agrave;s pol&iacute;ticas p&uacute;blicas do setor. Ribeiro relatou que algumas r&aacute;dios comunit&aacute;rias aguardam h&aacute; mais de dez anos uma resposta sobre pedido de regulamenta&ccedil;&atilde;o. Conforme Ribeiro, neste ano, das 154 entidades solicitantes de outorga no estado de S&atilde;o Paulo, 117 conseguiram habilita&ccedil;&atilde;o.<\/p>\n<p>Joaquim Carvalho classificou a digitaliza&ccedil;&atilde;o do r&aacute;dio como um processo preocupante. Segundo ele, as manifesta&ccedil;&otilde;es musicais locais podem se extinguir, pois o ouvinte escolher&aacute; pelo receptor a m&uacute;sica que quer ouvir, e poder&aacute;, depois, comprar essa m&uacute;sica. Ele acrescenta que o &quot;jab&aacute;&quot; (quando as emissoras recebem dinheiro das gravadoras para tocar as m&uacute;sicas), ser&aacute; uma constante neste cen&aacute;rio, favorecendo apenas os artistas que dispuserem de mais recursos financeiros.<\/p>\n<p>Soraia da Rosa Mendes acrescentou ainda que o processo de digitaliza&ccedil;&atilde;o pode &ldquo;acabar com as r&aacute;dios comunit&aacute;rias&rdquo;. Ela comenta que alguns parlamentares, presentes &agrave; audi&ecirc;ncia, n&atilde;o tinham conhecimento &quot;do qu&atilde;o grave pode ser o impacto da digitaliza&ccedil;&atilde;o sob as r&aacute;dios comunit&aacute;rias, devido ao alto custo dos transmissores e receptores&quot;. Soraia enfatiza que, com a implanta&ccedil;&atilde;o da freq&uuml;&ecirc;ncia digital, tecnicamente, pode-se estar decretando o fim de um dos instrumentos de democratiza&ccedil;&atilde;o da comunica&ccedil;&atilde;o do pa&iacute;s. <\/p>\n<p><strong>Os problemas com a freq&uuml;&ecirc;ncia<\/p>\n<p><\/strong>Carvalho e Ribeiro criticaram o sistema de freq&uuml;&ecirc;ncia &uacute;nica que se destina &agrave;s emissoras comunit&aacute;rias no Brasil (abaixo de 88 MHz), porque limita o acesso para a maior parte dos receptores. Segundo o representante do Intervozes, cerca de 40 r&aacute;dios comerciais de S&atilde;o Paulo veiculam a programa&ccedil;&atilde;o em outras freq&uuml;&ecirc;ncias, por&eacute;m, as r&aacute;dios comunit&aacute;rias s&oacute; podem utilizar um &uacute;nico canal para sua transmiss&atilde;o.<\/p>\n<p>Br&aacute;ulio Ribeiro salientou que, de acordo com a Constitui&ccedil;&atilde;o Federal, deve existir uma complementa&ccedil;&atilde;o entre a programa&ccedil;&atilde;o das r&aacute;dios oficiais, comerciais e comunit&aacute;rias. No entanto, afirma, &quot;h&aacute; um desequil&iacute;brio entre a radiodifus&atilde;o comercial e comunit&aacute;ria&quot;. Segundo Ribeiro, os processos de legisla&ccedil;&atilde;o s&atilde;o &quot;discriminat&oacute;rios&quot;, pois, conforme a Lei 9612\/98, as antenas das r&aacute;dios comunit&aacute;rias t&ecirc;m limite de 30 metros de altura com 25 watts de pot&ecirc;ncia, comparadas as das emissoras comerciais, que s&atilde;o de 300 watts, no m&iacute;nimo. <\/p>\n<p><strong>Costa afastou debate sobre r&aacute;dio digital<\/p>\n<p><\/strong>A deputada Luiza Erundina alertou sobre a revis&atilde;o dos procedimentos de radiodifus&atilde;o. &ldquo;&Eacute; preciso preventivamente evitar que haja uma maior concentra&ccedil;&atilde;o de poder da informa&ccedil;&atilde;o com a inova&ccedil;&atilde;o que essas novas tecnologias trazem&rdquo;, explicou, segundo ipublicou o Portal Imprensa. A deputada apontou o ministro das Comunica&ccedil;&otilde;es, H&eacute;lio Costa, como respons&aacute;vel por ter &#39;afastado o legislativo&#39; do debate sobre o modelo de r&aacute;dio digital. <\/p>\n<p>&#39;Nem o Congresso Nacional, nem a Comiss&atilde;o de Ci&ecirc;ncia e Tecnologia, que deveriam ter sido consultados, foram ouvidos. Apesar da reivindica&ccedil;&atilde;o que fizemos reiteradamente, n&atilde;o houve a possibilidade de que o legislativo fosse ouvido&#39;, salientou a deputada Luiza Erundina, conforme mat&eacute;ria publicada pela Ag&ecirc;ncia Brasil. Conforme o relato, na mat&eacute;ria, a deputada afirmou que o posicionamento do ministro pode prejudicar a democratiza&ccedil;&atilde;o da comunica&ccedil;&atilde;o. &ldquo;Se ele tiver o poder que vem tendo at&eacute; agora para, por conta pr&oacute;pria, unilateralmente, e sem nenhuma consulta ao Poder Legislativo, com certeza, as distor&ccedil;&otilde;es, desequil&iacute;brios e a concentra&ccedil;&atilde;o deste poder fant&aacute;stico da comunica&ccedil;&atilde;o da informa&ccedil;&atilde;o vai se tornar ainda pior a partir da incorpora&ccedil;&atilde;o dessas tecnologias&#39;, afirmou.<\/p>\n<p>As audi&ecirc;ncias p&uacute;blicas da subcomiss&atilde;o se estender&atilde;o at&eacute; que esteja conclu&iacute;do o novo marco regulat&oacute;rio para o sistema de radiodifus&atilde;o do Brasil. <\/p>\n<p><img loading=\"lazy\" decoding=\"async\" src=\"images\/stories\/politica_publicacoes\/c_invertido_pq.png\" alt=\"Active Image\" width=\"15\" height=\"15\" \/>&nbsp;Reda&ccedil;&atilde;o FNDC.<\/p>\n","protected":false},"excerpt":{"rendered":"<p>Representantes de entidades ligadas ao servi&ccedil;o de radiodifus&atilde;o comunit&aacute;ria expuseram em audi&ecirc;ncia p&uacute;blica com parlamentares da C&acirc;mara Federal, esta semana, as dificuldades que enfrentam para obter licen&ccedil;a e outorga e os impasses decorrentes da implanta&ccedil;&atilde;o de freq&uuml;&ecirc;ncia digital. Na ocasi&atilde;o, a deputada Luiza Erundina apontou o ministro das Comunica&ccedil;&otilde;es, H&eacute;lio Costa, como respons&aacute;vel por ter &hellip; <a href=\"https:\/\/obscom.intervozes.org.br\/?p=19012\" class=\"more-link\">Continue lendo <span class=\"screen-reader-text\">Audi\u00eancia exp\u00f5e equ\u00edvocos da pol\u00edtica governametal<\/span> <span class=\"meta-nav\">&rarr;<\/span><\/a><\/p>\n","protected":false},"author":1,"featured_media":0,"comment_status":"open","ping_status":"open","sticky":false,"template":"","format":"standard","meta":{"footnotes":""},"categories":[40],"tags":[200],"_links":{"self":[{"href":"https:\/\/obscom.intervozes.org.br\/index.php?rest_route=\/wp\/v2\/posts\/19012"}],"collection":[{"href":"https:\/\/obscom.intervozes.org.br\/index.php?rest_route=\/wp\/v2\/posts"}],"about":[{"href":"https:\/\/obscom.intervozes.org.br\/index.php?rest_route=\/wp\/v2\/types\/post"}],"author":[{"embeddable":true,"href":"https:\/\/obscom.intervozes.org.br\/index.php?rest_route=\/wp\/v2\/users\/1"}],"replies":[{"embeddable":true,"href":"https:\/\/obscom.intervozes.org.br\/index.php?rest_route=%2Fwp%2Fv2%2Fcomments&post=19012"}],"version-history":[{"count":0,"href":"https:\/\/obscom.intervozes.org.br\/index.php?rest_route=\/wp\/v2\/posts\/19012\/revisions"}],"wp:attachment":[{"href":"https:\/\/obscom.intervozes.org.br\/index.php?rest_route=%2Fwp%2Fv2%2Fmedia&parent=19012"}],"wp:term":[{"taxonomy":"category","embeddable":true,"href":"https:\/\/obscom.intervozes.org.br\/index.php?rest_route=%2Fwp%2Fv2%2Fcategories&post=19012"},{"taxonomy":"post_tag","embeddable":true,"href":"https:\/\/obscom.intervozes.org.br\/index.php?rest_route=%2Fwp%2Fv2%2Ftags&post=19012"}],"curies":[{"name":"wp","href":"https:\/\/api.w.org\/{rel}","templated":true}]}}