{"id":19011,"date":"2007-08-20T12:08:17","date_gmt":"2007-08-20T12:08:17","guid":{"rendered":"https:\/\/obscom.intervozes.org.br\/wordpress\/?p=19011"},"modified":"2007-08-20T12:08:17","modified_gmt":"2007-08-20T12:08:17","slug":"digitalizacao-podera-eliminar-pequenas-e-medias-emissoras","status":"publish","type":"post","link":"https:\/\/obscom.intervozes.org.br\/?p=19011","title":{"rendered":"Digitaliza\u00e7\u00e3o poder\u00e1 eliminar pequenas e m\u00e9dias emissoras"},"content":{"rendered":"<p>Tal como est&aacute; sendo conduzida, a digitaliza&ccedil;&atilde;o do r&aacute;dio no Brasil aumentar&aacute; a concentra&ccedil;&atilde;o dos meios de comunica&ccedil;&atilde;o e o poder das&nbsp; grandes redes. Essa constata&ccedil;&atilde;o tornou-se evidente na recente reuni&atilde;o Comiss&atilde;o de Ci&ecirc;ncia,Tecnologia,&nbsp;Inova&ccedil;&atilde;o, Comunica&ccedil;&atilde;o e Inform&aacute;tica&nbsp;(CCT) do Senado. Especialistas afirmam que uma decis&atilde;o tecnol&oacute;gica de porte, como &eacute; a escolha do sistema de radiodifus&atilde;o digital brasileiro, se for tomada &agrave;s pressas, pode decretar o fim do r&aacute;dio como um ve&iacute;culo democr&aacute;tico e plural, acess&iacute;vel dos lugares mais remotos e pelas diferentes classes sociais no pa&iacute;s.<\/p>\n<p>Em audi&ecirc;ncia no Senado Federal &ndash; &ldquo;Implanta&ccedil;&atilde;o do R&aacute;dio Digital no Brasil&rdquo; &ndash; no &uacute;ltimo dia 15, organizada pela CCT, parlamentares demonstraram surpresa e preocupa&ccedil;&atilde;o com o assunto. Eles come&ccedil;aram a perceber que a digitaliza&ccedil;&atilde;o do r&aacute;dio envolve mais quest&otilde;es do que a escolha de uma tecnologia, em fun&ccedil;&atilde;o das decorr&ecirc;ncias econ&ocirc;micas e sociais. A ado&ccedil;&atilde;o da nova tecnologia, tal como vem sendo encaminhada, praticamente excluir&aacute; as pequenas e m&eacute;dias emissoras, aumentando a conmcentra&ccedil;&atilde;o dos meios de comunica&ccedil;&atilde;o e poder das grandes redes.<\/p>\n<p>O jornalista Jos&eacute; Carlos Torves, representante do F&oacute;rum Nacional pela Democratiza&ccedil;&atilde;o da Comunica&ccedil;&atilde;o (FNDC) na audi&ecirc;ncia, da qual foi um dos debatedores, referiu-se a recentes declara&ccedil;&otilde;es que a Ibiquity, empresa propriet&aacute;ria do sistema In Band on Channel (IBOC) . O IBOC poder&aacute; ser a tecnologia escolhida para o Brasil, se o governo se curvar &agrave;s press&otilde;es e pressa dos radiodifusores &ndash; que contam com o aval do ministro das Comunica&ccedil;&otilde;es, H&eacute;lio Costa. A Ibiquity confirmou ao Federal Communicatoins Committion (FCC) &ndash; o organismo regulador dos meios de comunica&ccedil;&atilde;o nos EUA &ndash; que o IBOC n&atilde;o tem capacidade tecnol&oacute;gica para atender &agrave;s r&aacute;dios abaixo de 25KW. Como estas emissoras s&atilde;o a maioria no Brasil, uma decis&atilde;o por este padr&atilde;o deixaria milhares de r&aacute;dios fora do espectro. &ldquo;O governo n&atilde;o sabia disso at&eacute; poucos dias. Mesmo assim, se mostra apressado em tomar a decis&atilde;o, sem um m&iacute;nimo de seguran&ccedil;a, pressionado pelos radiodifusores que se dizem ficando para tr&aacute;s na corrida digital&rdquo;, diz Torves.<\/p>\n<p>O Senador Flexa Ribeiro (PSDB-PA), ressaltou na audi&ecirc;ncia a import&acirc;ncia do debate. &ldquo;Avan&ccedil;o tecnol&oacute;gico faz com que tenhamos que discutir no Congresso e com a sociedade, no sentido de prepar&aacute;-la para esta onda tecnol&oacute;gica que j&aacute; chegou e que talvez n&oacute;s n&atilde;o tenhamos tido o cuidado de acompanhar&rdquo;.<\/p>\n<p><strong>R&aacute;dio corre o risco de sumir<\/p>\n<p><\/strong>Torves ressalta ainda que o r&aacute;dio, hoje, apesar de ser o ve&iacute;culo de comunica&ccedil;&atilde;o mais popular do pa&iacute;s, j&aacute; trabalha com uma margem muito pequena &ndash; quatro por cento &ndash; do bolo publicit&aacute;rio. &ldquo;O r&aacute;dio est&aacute; definhando em termos de verba publicit&aacute;ria&rdquo;, afirma Torves, acrescentando que a escolha do padr&atilde;o americano Iboc tornar&aacute; ainda mais invi&aacute;vel o futuro deste meio de comunica&ccedil;&atilde;o. A maioria das r&aacute;dios brasileiras, na opini&atilde;o de Torves, n&atilde;o poder&aacute; encarar o custo para a transi&ccedil;&atilde;o (entre 80 mil e 120 mil d&oacute;lares, al&eacute;m dos royalties). &ldquo;O sistema de r&aacute;dio no Brasil corre o risco de sumir&rdquo;, assinala. Al&eacute;m do custo do receptor (o r&aacute;dio), que ter&aacute; um pre&ccedil;o m&iacute;nimo em torno de R$ 300,00. <\/p>\n<p>O Superintendente de Servi&ccedil;os de Comunica&ccedil;&atilde;o de Massa da Anatel, Ara Apkar Minassian, outro debatedor na audi&ecirc;ncia, acredita que o pre&ccedil;o dos receptores cair&aacute; ap&oacute;s a implanta&ccedil;&atilde;o da r&aacute;dio digital, mas que &eacute; preciso regulamentar o setor neste momento de converg&ecirc;ncia. &ldquo;Para sair do mundo anal&oacute;gico para o mundo digital, temos que ter um carinho muito grande com o r&aacute;dio. Precisa de um marco regulat&oacute;rio para este mundo de converg&ecirc;ncia, onde um invade o espa&ccedil;o do outro&rdquo;, apontou. <\/p>\n<p>S&eacute;rgio Souza Dias, presidente do Centro de Excel&ecirc;ncia em Tecnologia Eletr&ocirc;nica Avan&ccedil;ada do Rio Grande do Sul (Ceitec), exp&ocirc;s os estudos em desenvolvimento pela Ceitec e mostrou-se preocupado com o fato de que a Ibiquity ainda n&atilde;o liberou os futuros us&aacute;rios dos royalties, conforme foi anunciado pelo Minist&eacute;rio das Comunica&ccedil;&otilde;es.<\/p>\n<p>O sistema IBOC &eacute; um &ldquo;devorador de faixa eletromagn&eacute;tica&rdquo;, ressalta Torves, explicando que essa tecnologia n&atilde;o vai possibilitar a entrada de novas emissoras e reduzir&aacute; o n&uacute;mero de r&aacute;dios anal&oacute;gicas existentes. Permencer&atilde;o as pertencentes aos grandes grupos de comunica&ccedil;&atilde;o. &ldquo;Assim, ao contr&aacute;rio do que se esperava, a digitaliza&ccedil;&atilde;o, nestes termos, n&atilde;o levar&aacute; a uma maior democratiza&ccedil;&atilde;o da comunica&ccedil;&atilde;o, mas provocar uma concentra&ccedil;&atilde;o ainda maior&rdquo;, conclui o jornalista.<\/p>\n<p>A CCT solicitar&aacute; audi&ecirc;ncia com o ministro H&eacute;lio Costa para tratar do assunto.<\/p>\n<p><img loading=\"lazy\" decoding=\"async\" src=\"images\/stories\/politica_publicacoes\/c_invertido_pq.png\" alt=\"Active Image\" width=\"15\" height=\"15\" \/>&nbsp;Reda&ccedil;&atilde;o FNDC.<\/p>\n","protected":false},"excerpt":{"rendered":"<p>Tal como est&aacute; sendo conduzida, a digitaliza&ccedil;&atilde;o do r&aacute;dio no Brasil aumentar&aacute; a concentra&ccedil;&atilde;o dos meios de comunica&ccedil;&atilde;o e o poder das&nbsp; grandes redes. Essa constata&ccedil;&atilde;o tornou-se evidente na recente reuni&atilde;o Comiss&atilde;o de Ci&ecirc;ncia,Tecnologia,&nbsp;Inova&ccedil;&atilde;o, Comunica&ccedil;&atilde;o e Inform&aacute;tica&nbsp;(CCT) do Senado. Especialistas afirmam que uma decis&atilde;o tecnol&oacute;gica de porte, como &eacute; a escolha do sistema de radiodifus&atilde;o &hellip; <a href=\"https:\/\/obscom.intervozes.org.br\/?p=19011\" class=\"more-link\">Continue lendo <span class=\"screen-reader-text\">Digitaliza\u00e7\u00e3o poder\u00e1 eliminar pequenas e m\u00e9dias emissoras<\/span> <span class=\"meta-nav\">&rarr;<\/span><\/a><\/p>\n","protected":false},"author":1,"featured_media":0,"comment_status":"open","ping_status":"open","sticky":false,"template":"","format":"standard","meta":{"footnotes":""},"categories":[40],"tags":[236],"_links":{"self":[{"href":"https:\/\/obscom.intervozes.org.br\/index.php?rest_route=\/wp\/v2\/posts\/19011"}],"collection":[{"href":"https:\/\/obscom.intervozes.org.br\/index.php?rest_route=\/wp\/v2\/posts"}],"about":[{"href":"https:\/\/obscom.intervozes.org.br\/index.php?rest_route=\/wp\/v2\/types\/post"}],"author":[{"embeddable":true,"href":"https:\/\/obscom.intervozes.org.br\/index.php?rest_route=\/wp\/v2\/users\/1"}],"replies":[{"embeddable":true,"href":"https:\/\/obscom.intervozes.org.br\/index.php?rest_route=%2Fwp%2Fv2%2Fcomments&post=19011"}],"version-history":[{"count":0,"href":"https:\/\/obscom.intervozes.org.br\/index.php?rest_route=\/wp\/v2\/posts\/19011\/revisions"}],"wp:attachment":[{"href":"https:\/\/obscom.intervozes.org.br\/index.php?rest_route=%2Fwp%2Fv2%2Fmedia&parent=19011"}],"wp:term":[{"taxonomy":"category","embeddable":true,"href":"https:\/\/obscom.intervozes.org.br\/index.php?rest_route=%2Fwp%2Fv2%2Fcategories&post=19011"},{"taxonomy":"post_tag","embeddable":true,"href":"https:\/\/obscom.intervozes.org.br\/index.php?rest_route=%2Fwp%2Fv2%2Ftags&post=19011"}],"curies":[{"name":"wp","href":"https:\/\/api.w.org\/{rel}","templated":true}]}}