{"id":19009,"date":"2007-08-20T11:57:28","date_gmt":"2007-08-20T11:57:28","guid":{"rendered":"https:\/\/obscom.intervozes.org.br\/wordpress\/?p=19009"},"modified":"2007-08-20T11:57:28","modified_gmt":"2007-08-20T11:57:28","slug":"festival-inscricoes-para-vitoria-cine-video-estao-abertas","status":"publish","type":"post","link":"https:\/\/obscom.intervozes.org.br\/?p=19009","title":{"rendered":"Festival: inscri\u00e7\u00f5es para Vit\u00f3ria Cine V\u00eddeo est\u00e3o abertas"},"content":{"rendered":"<p>Est&atilde;o abertas at&eacute; o dia 17 de setembro as inscri&ccedil;&otilde;es para o 14&ordm; Vit&oacute;ria Cine V&iacute;deo &#8211; 11&ordf; Mostra Competitiva Nacional, festival que acontece entre os dias 12 e 17 de novembro, em Vit&oacute;ria, Esp&iacute;rito Santo. Ser&atilde;o aceitos v&iacute;deos e de filmes em 16mm e 35mm (curtas e m&eacute;dias-metragens) com at&eacute; 50 minutos de dura&ccedil;&atilde;o, finalizados em 2006 ou 2007. Al&eacute;m da mostra competitiva, a programa&ccedil;&atilde;o do festival contar&aacute; com o lan&ccedil;amento de longas-metragens in&eacute;ditos em Vit&oacute;ria, circuito itinerante nos bairros de Vit&oacute;ria, cinema na praia, 8&ordm; Festivalzinho de Cinema (com programa&ccedil;&atilde;o infanto-juvenil destinada a estudantes da rede p&uacute;blica), palestras, oficinas audiovisuais e outros. Inscri&ccedil;&otilde;es: <a href=\"http:\/\/www.vitoriacinevideo.com.br\/\">www.vitoriacinevideo.com.br<\/a>.&nbsp;<\/p>\n<p>As informa&ccedil;&otilde;es s&atilde;o da&nbsp;TELA VIVA News.<\/p>\n","protected":false},"excerpt":{"rendered":"<p>Est&atilde;o abertas at&eacute; o dia 17 de setembro as inscri&ccedil;&otilde;es para o 14&ordm; Vit&oacute;ria Cine V&iacute;deo &#8211; 11&ordf; Mostra Competitiva Nacional, festival que acontece entre os dias 12 e 17 de novembro, em Vit&oacute;ria, Esp&iacute;rito Santo. Ser&atilde;o aceitos v&iacute;deos e de filmes em 16mm e 35mm (curtas e m&eacute;dias-metragens) com at&eacute; 50 minutos de dura&ccedil;&atilde;o, &hellip; <a href=\"https:\/\/obscom.intervozes.org.br\/?p=19009\" class=\"more-link\">Continue lendo <span class=\"screen-reader-text\">Festival: inscri\u00e7\u00f5es para Vit\u00f3ria Cine V\u00eddeo est\u00e3o abertas<\/span> <span class=\"meta-nav\">&rarr;<\/span><\/a><\/p>\n","protected":false},"author":1,"featured_media":0,"comment_status":"open","ping_status":"open","sticky":false,"template":"","format":"standard","meta":{"footnotes":""},"categories":[39],"tags":[],"_links":{"self":[{"href":"https:\/\/obscom.intervozes.org.br\/index.php?rest_route=\/wp\/v2\/posts\/19009"}],"collection":[{"href":"https:\/\/obscom.intervozes.org.br\/index.php?rest_route=\/wp\/v2\/posts"}],"about":[{"href":"https:\/\/obscom.intervozes.org.br\/index.php?rest_route=\/wp\/v2\/types\/post"}],"author":[{"embeddable":true,"href":"https:\/\/obscom.intervozes.org.br\/index.php?rest_route=\/wp\/v2\/users\/1"}],"replies":[{"embeddable":true,"href":"https:\/\/obscom.intervozes.org.br\/index.php?rest_route=%2Fwp%2Fv2%2Fcomments&post=19009"}],"version-history":[{"count":0,"href":"https:\/\/obscom.intervozes.org.br\/index.php?rest_route=\/wp\/v2\/posts\/19009\/revisions"}],"wp:attachment":[{"href":"https:\/\/obscom.intervozes.org.br\/index.php?rest_route=%2Fwp%2Fv2%2Fmedia&parent=19009"}],"wp:term":[{"taxonomy":"category","embeddable":true,"href":"https:\/\/obscom.intervozes.org.br\/index.php?rest_route=%2Fwp%2Fv2%2Fcategories&post=19009"},{"taxonomy":"post_tag","embeddable":true,"href":"https:\/\/obscom.intervozes.org.br\/index.php?rest_route=%2Fwp%2Fv2%2Ftags&post=19009"}],"curies":[{"name":"wp","href":"https:\/\/api.w.org\/{rel}","templated":true}]}}