{"id":19001,"date":"2007-08-17T11:00:49","date_gmt":"2007-08-17T11:00:49","guid":{"rendered":"https:\/\/obscom.intervozes.org.br\/wordpress\/?p=19001"},"modified":"2007-08-17T11:00:49","modified_gmt":"2007-08-17T11:00:49","slug":"brasil-e-japao-farao-viagem-conjunta-para-divulgar-padrao","status":"publish","type":"post","link":"https:\/\/obscom.intervozes.org.br\/?p=19001","title":{"rendered":"Brasil e Jap\u00e3o far\u00e3o viagem conjunta para divulgar padr\u00e3o"},"content":{"rendered":"<p>Brasil e Jap&atilde;o sair&atilde;o juntos, no pr&oacute;ximo ano, em uma peregrina&ccedil;&atilde;o pelos pa&iacute;ses latino-americanos na tentativa de convenc&ecirc;-los a implantar o padr&atilde;o nipo-brasileiro de TV digital. Os detalhes da viagem conjunta foram alinhavados em uma reuni&atilde;o realizada nesta quinta-feira, 16, com o ministro dos Neg&oacute;cios Internos e das Comunica&ccedil;&otilde;es do Jap&atilde;o, Yoshihide Suga, e o ministro H&eacute;lio Costa. O an&uacute;ncio da empreitada foi feito em almo&ccedil;o de confraterniza&ccedil;&atilde;o da comitiva japonesa e dos t&eacute;cnicos do minist&eacute;rio brasileiro.<\/p>\n<p>&quot;O nosso objetivo &eacute; divulgar esse modelo brasileiro\/japon&ecirc;s de TV digital para os pa&iacute;ses vizinhos, como a Argentina e o Chile. Acreditamos que ser&aacute; poss&iacute;vel espalhar o sistema nipo-brasileiro pela Am&eacute;rica do Sul&quot;, afirmou o ministro Suga. A comitiva japonesa &#8211; com 40 representantes de governo e da iniciativa privada &#8211; come&ccedil;ar&aacute; uma excurs&atilde;o pr&eacute;via pelos pa&iacute;ses vizinhos quando deixarem o Brasil. Neste ano, t&eacute;cnicos do Minicom e da Casa Civil fizeram a mesma viagem tentando criar um ambiente favor&aacute;vel a padroniza&ccedil;&atilde;o da transmiss&atilde;o digital de televis&atilde;o na Am&eacute;rica Latina.<\/p>\n<p>O ministro H&eacute;lio Costa contou que esse primeiro movimento j&aacute; trouxe bons sinais em dire&ccedil;&atilde;o a um alinhamento na escolha do padr&atilde;o. Segundo Costa, o Chile e a Argentina suspenderam o an&uacute;ncio da implanta&ccedil;&atilde;o do sistema americano para avaliar o ISDB com as implementa&ccedil;&otilde;es utilizadas no Brasil. &quot;No momento em que o Brasil come&ccedil;ar a transi&ccedil;&atilde;o e um outro pa&iacute;s adotar o sistema, n&oacute;s, automaticamente, levamos a Am&eacute;rica do Sul toda&quot;, aposta o ministro. <\/p>\n","protected":false},"excerpt":{"rendered":"<p>Brasil e Jap&atilde;o sair&atilde;o juntos, no pr&oacute;ximo ano, em uma peregrina&ccedil;&atilde;o pelos pa&iacute;ses latino-americanos na tentativa de convenc&ecirc;-los a implantar o padr&atilde;o nipo-brasileiro de TV digital. Os detalhes da viagem conjunta foram alinhavados em uma reuni&atilde;o realizada nesta quinta-feira, 16, com o ministro dos Neg&oacute;cios Internos e das Comunica&ccedil;&otilde;es do Jap&atilde;o, Yoshihide Suga, e o &hellip; <a href=\"https:\/\/obscom.intervozes.org.br\/?p=19001\" class=\"more-link\">Continue lendo <span class=\"screen-reader-text\">Brasil e Jap\u00e3o far\u00e3o viagem conjunta para divulgar padr\u00e3o<\/span> <span class=\"meta-nav\">&rarr;<\/span><\/a><\/p>\n","protected":false},"author":1,"featured_media":0,"comment_status":"open","ping_status":"open","sticky":false,"template":"","format":"standard","meta":{"footnotes":""},"categories":[40],"tags":[79],"_links":{"self":[{"href":"https:\/\/obscom.intervozes.org.br\/index.php?rest_route=\/wp\/v2\/posts\/19001"}],"collection":[{"href":"https:\/\/obscom.intervozes.org.br\/index.php?rest_route=\/wp\/v2\/posts"}],"about":[{"href":"https:\/\/obscom.intervozes.org.br\/index.php?rest_route=\/wp\/v2\/types\/post"}],"author":[{"embeddable":true,"href":"https:\/\/obscom.intervozes.org.br\/index.php?rest_route=\/wp\/v2\/users\/1"}],"replies":[{"embeddable":true,"href":"https:\/\/obscom.intervozes.org.br\/index.php?rest_route=%2Fwp%2Fv2%2Fcomments&post=19001"}],"version-history":[{"count":0,"href":"https:\/\/obscom.intervozes.org.br\/index.php?rest_route=\/wp\/v2\/posts\/19001\/revisions"}],"wp:attachment":[{"href":"https:\/\/obscom.intervozes.org.br\/index.php?rest_route=%2Fwp%2Fv2%2Fmedia&parent=19001"}],"wp:term":[{"taxonomy":"category","embeddable":true,"href":"https:\/\/obscom.intervozes.org.br\/index.php?rest_route=%2Fwp%2Fv2%2Fcategories&post=19001"},{"taxonomy":"post_tag","embeddable":true,"href":"https:\/\/obscom.intervozes.org.br\/index.php?rest_route=%2Fwp%2Fv2%2Ftags&post=19001"}],"curies":[{"name":"wp","href":"https:\/\/api.w.org\/{rel}","templated":true}]}}