{"id":18998,"date":"2007-08-17T10:42:36","date_gmt":"2007-08-17T10:42:36","guid":{"rendered":"https:\/\/obscom.intervozes.org.br\/wordpress\/?p=18998"},"modified":"2007-08-17T10:42:36","modified_gmt":"2007-08-17T10:42:36","slug":"tvs-comunitarias-promovem-encontro-em-sao-jose-do-rio-preto","status":"publish","type":"post","link":"https:\/\/obscom.intervozes.org.br\/?p=18998","title":{"rendered":"TVs Comunit\u00e1rias promovem encontro em S\u00e3o Jos\u00e9 do Rio Preto"},"content":{"rendered":"<div align=\"justify\">A Acesp &#8211; Associa&ccedil;&atilde;o dos Canais Comunit&aacute;rios do Estado de S&atilde;o Paulo e a Abccom &#8211; Associa&ccedil;&atilde;o Brasileira de Canais Comunit&aacute;rios promovem encontro entre seus associados e colaboradores no pr&oacute;ximo dia 18 de agosto, em S&atilde;o Jos&eacute; do Rio Preto, interior de S&atilde;o Paulo.<\/p>\n<\/div>\n<div align=\"justify\"><u>Confira a programa&ccedil;&atilde;o:<\/u><\/div>\n<div align=\"justify\">10h30 &#8211; Abertura Oficial pelo presidente da ACESP\/ABCcom, Fernando Mauro Trezza<\/div>\n<div align=\"justify\">10h45 &#8211; Composi&ccedil;&atilde;o da Mesa, com a presen&ccedil;a do deputado estadual&nbsp;Vaz de Lima, presidente da Assembl&eacute;ia Legislativa do Estado de S&atilde;o Paulo<\/div>\n<div align=\"justify\">11h00 &#8211; In&iacute;cio dos debates<\/div>\n<div align=\"justify\">12h30 &#8211; Almo&ccedil;o<\/div>\n<div align=\"justify\">14h00 &#8211; Reinicio do trabalho &#8211; Encaminhamento de perguntas para composi&ccedil;&atilde;o da Pauta do V Congresso Nacional da ABCcom.<\/div>\n<div><u>Temas em debate:<\/u><\/div>\n<div>&#8211; Estrat&eacute;gias em Bras&iacute;lia para a TV Digital;<\/div>\n<div>&#8211; Utiliza&ccedil;&atilde;o do site da ABCcom nas a&ccedil;&otilde;es de integra&ccedil;&atilde;o;<\/div>\n<div>&#8211; Financiamento das entidades representativas;<\/div>\n<div>&#8211; Prepara&ccedil;&atilde;o do V Congresso Nacional da ABCcom (que ser&aacute; realizado na &uacute;ltima semana de setembro);<\/div>\n<div>&#8211; Consorcio de TVs P&uacute;blicas para o Sinal aberto (a exemplo do que foi feito em Guarulhos &#8211; #veja mat&eacute;ria abaixo );<\/div>\n<div>&#8211; Fontes de recursos para cobrir despesas com a utiliza&ccedil;&atilde;o do sinal digital aberto pelas TVs Comunit&aacute;rias (de onde vir&atilde;o, como ser&atilde;o geridos e quando dever&atilde;o chegar).<\/div>\n<div><u>Servi&ccedil;o:<\/u><\/div>\n<div>Local: Hotel Riviera<br \/>Rua Independ&ecirc;ncia, 3253 &ndash; Centro<br \/>S&atilde;o Jos&eacute; do Rio Preto \/ SP &#8211; CEP: 15010-610<br \/>Fone \/ Fax (0**) 17-3233-7277<\/div>\n","protected":false},"excerpt":{"rendered":"<p>A Acesp &#8211; Associa&ccedil;&atilde;o dos Canais Comunit&aacute;rios do Estado de S&atilde;o Paulo e a Abccom &#8211; Associa&ccedil;&atilde;o Brasileira de Canais Comunit&aacute;rios promovem encontro entre seus associados e colaboradores no pr&oacute;ximo dia 18 de agosto, em S&atilde;o Jos&eacute; do Rio Preto, interior de S&atilde;o Paulo. Confira a programa&ccedil;&atilde;o: 10h30 &#8211; Abertura Oficial pelo presidente da ACESP\/ABCcom, &hellip; <a href=\"https:\/\/obscom.intervozes.org.br\/?p=18998\" class=\"more-link\">Continue lendo <span class=\"screen-reader-text\">TVs Comunit\u00e1rias promovem encontro em S\u00e3o Jos\u00e9 do Rio Preto<\/span> <span class=\"meta-nav\">&rarr;<\/span><\/a><\/p>\n","protected":false},"author":1,"featured_media":0,"comment_status":"open","ping_status":"open","sticky":false,"template":"","format":"standard","meta":{"footnotes":""},"categories":[39],"tags":[],"_links":{"self":[{"href":"https:\/\/obscom.intervozes.org.br\/index.php?rest_route=\/wp\/v2\/posts\/18998"}],"collection":[{"href":"https:\/\/obscom.intervozes.org.br\/index.php?rest_route=\/wp\/v2\/posts"}],"about":[{"href":"https:\/\/obscom.intervozes.org.br\/index.php?rest_route=\/wp\/v2\/types\/post"}],"author":[{"embeddable":true,"href":"https:\/\/obscom.intervozes.org.br\/index.php?rest_route=\/wp\/v2\/users\/1"}],"replies":[{"embeddable":true,"href":"https:\/\/obscom.intervozes.org.br\/index.php?rest_route=%2Fwp%2Fv2%2Fcomments&post=18998"}],"version-history":[{"count":0,"href":"https:\/\/obscom.intervozes.org.br\/index.php?rest_route=\/wp\/v2\/posts\/18998\/revisions"}],"wp:attachment":[{"href":"https:\/\/obscom.intervozes.org.br\/index.php?rest_route=%2Fwp%2Fv2%2Fmedia&parent=18998"}],"wp:term":[{"taxonomy":"category","embeddable":true,"href":"https:\/\/obscom.intervozes.org.br\/index.php?rest_route=%2Fwp%2Fv2%2Fcategories&post=18998"},{"taxonomy":"post_tag","embeddable":true,"href":"https:\/\/obscom.intervozes.org.br\/index.php?rest_route=%2Fwp%2Fv2%2Ftags&post=18998"}],"curies":[{"name":"wp","href":"https:\/\/api.w.org\/{rel}","templated":true}]}}