{"id":18987,"date":"2007-08-16T12:29:36","date_gmt":"2007-08-16T12:29:36","guid":{"rendered":"https:\/\/obscom.intervozes.org.br\/wordpress\/?p=18987"},"modified":"2007-08-16T12:29:36","modified_gmt":"2007-08-16T12:29:36","slug":"radios-comunitarias-temem-perda-de-espaco-com-sistema-digital","status":"publish","type":"post","link":"https:\/\/obscom.intervozes.org.br\/?p=18987","title":{"rendered":"R\u00e1dios comunit\u00e1rias temem perda de espa\u00e7o com sistema digital"},"content":{"rendered":"<p>Bras&iacute;lia &#8211; Associa&ccedil;&otilde;es temem que o modelo norte-americano de r&aacute;dio digital inviabilize a opera&ccedil;&atilde;o das r&aacute;dios comunit&aacute;rias no pa&iacute;s. A preocupa&ccedil;&atilde;o &eacute; que, pela legisla&ccedil;&atilde;o brasileira, a pot&ecirc;ncia m&aacute;xima permitida a uma r&aacute;dio comunit&aacute;ria &eacute; 25 wattz. No sistema norte-americano, 25 wattz equivale &agrave; pot&ecirc;ncia dos ru&iacute;dos, segundo o representante da Associa&ccedil;&atilde;o Brasileira de Radiodifus&atilde;o Comunit&aacute;ria (Abra&ccedil;o), Joaquim Carlos Carvalho.<\/p>\n<p>&ldquo;Estar&atilde;o fora do mercado todas as r&aacute;dios comunit&aacute;rias, educativas e as r&aacute;dios comerciais pequenas. S&oacute; v&atilde;o ficar as grandes emissoras&rdquo;, alertou Joaquim Carvalho, ao participar hoje (14) de uma audi&ecirc;ncia p&uacute;blica sobre os procedimentos de outorga, fiscaliza&ccedil;&atilde;o e legisla&ccedil;&atilde;o de radiodifus&atilde;o comunit&aacute;ria, ocorrido na Comiss&atilde;o de Ci&ecirc;ncia e Tecnologia da C&acirc;mara dos Deputados.<\/p>\n<p>O modelo norte-americano, chamado de In Band on Chanel (Iboc), est&aacute; em estudo pelo Minist&eacute;rio das Comunica&ccedil;&otilde;es. O minist&eacute;rio e a Ag&ecirc;ncia Nacional de Telecomunica&ccedil;&otilde;es (Anatel) est&atilde;o analisando o modelo e v&atilde;o preparar um relat&oacute;rio, a ser encaminhado &agrave; Casa Civil e &agrave; Presid&ecirc;ncia da Rep&uacute;blica para aconselhar os padr&otilde;es que dever&atilde;o ser implantados no Brasil.<\/p>\n<p>No caso da escolha brasileira pelo padr&atilde;o Iboc, as r&aacute;dios comunit&aacute;rias enfrentariam ainda outros problemas, segundo entidades. &ldquo;Os equipamentos s&atilde;o extremamente caros e as r&aacute;dios n&atilde;o t&ecirc;m condi&ccedil;&otilde;es de adquirir&rdquo;, adianta a representante do Conselho Regional de Radiodifus&atilde;o Comunit&aacute;ria do Rio Grande do Sul (Conrad-RS), Soraia da Rosa Mendes. &ldquo;V&atilde;o simplesmente deixar de existir. E hoje, j&aacute; possuem ru&iacute;do, na r&aacute;dio digital, n&atilde;o conseguir&atilde;o atingir a sua faixa&rdquo;, diz.<\/p>\n<p>O representante da Abra&ccedil;o reclama que &ldquo;o governo n&atilde;o est&aacute; seguindo a mesma linha da TV digital em que foi aberto um edital, contratadas universidades que fizeram um estudo e criou-se um sistema brasileiro de TV digital&rdquo;.<\/p>\n<p>Para ele, no processo de digitaliza&ccedil;&atilde;o da TV, &ldquo;foram incorporadas inova&ccedil;&otilde;es das nossas universidades, como o MP4 para a compress&atilde;o do &aacute;udio, que todos os outros sistemas v&atilde;o utilizar. O sistema brasileiro foi usado para melhorar os outros sistemas existentes no mundo&rdquo;. <\/p>\n<p><img loading=\"lazy\" decoding=\"async\" src=\"images\/stories\/politica_publicacoes\/cc_pq.png\" alt=\"Active Image\" width=\"15\" height=\"15\" \/><\/p>\n","protected":false},"excerpt":{"rendered":"<p>Bras&iacute;lia &#8211; Associa&ccedil;&otilde;es temem que o modelo norte-americano de r&aacute;dio digital inviabilize a opera&ccedil;&atilde;o das r&aacute;dios comunit&aacute;rias no pa&iacute;s. A preocupa&ccedil;&atilde;o &eacute; que, pela legisla&ccedil;&atilde;o brasileira, a pot&ecirc;ncia m&aacute;xima permitida a uma r&aacute;dio comunit&aacute;ria &eacute; 25 wattz. No sistema norte-americano, 25 wattz equivale &agrave; pot&ecirc;ncia dos ru&iacute;dos, segundo o representante da Associa&ccedil;&atilde;o Brasileira de Radiodifus&atilde;o &hellip; <a href=\"https:\/\/obscom.intervozes.org.br\/?p=18987\" class=\"more-link\">Continue lendo <span class=\"screen-reader-text\">R\u00e1dios comunit\u00e1rias temem perda de espa\u00e7o com sistema digital<\/span> <span class=\"meta-nav\">&rarr;<\/span><\/a><\/p>\n","protected":false},"author":1,"featured_media":0,"comment_status":"open","ping_status":"open","sticky":false,"template":"","format":"standard","meta":{"footnotes":""},"categories":[40],"tags":[60],"_links":{"self":[{"href":"https:\/\/obscom.intervozes.org.br\/index.php?rest_route=\/wp\/v2\/posts\/18987"}],"collection":[{"href":"https:\/\/obscom.intervozes.org.br\/index.php?rest_route=\/wp\/v2\/posts"}],"about":[{"href":"https:\/\/obscom.intervozes.org.br\/index.php?rest_route=\/wp\/v2\/types\/post"}],"author":[{"embeddable":true,"href":"https:\/\/obscom.intervozes.org.br\/index.php?rest_route=\/wp\/v2\/users\/1"}],"replies":[{"embeddable":true,"href":"https:\/\/obscom.intervozes.org.br\/index.php?rest_route=%2Fwp%2Fv2%2Fcomments&post=18987"}],"version-history":[{"count":0,"href":"https:\/\/obscom.intervozes.org.br\/index.php?rest_route=\/wp\/v2\/posts\/18987\/revisions"}],"wp:attachment":[{"href":"https:\/\/obscom.intervozes.org.br\/index.php?rest_route=%2Fwp%2Fv2%2Fmedia&parent=18987"}],"wp:term":[{"taxonomy":"category","embeddable":true,"href":"https:\/\/obscom.intervozes.org.br\/index.php?rest_route=%2Fwp%2Fv2%2Fcategories&post=18987"},{"taxonomy":"post_tag","embeddable":true,"href":"https:\/\/obscom.intervozes.org.br\/index.php?rest_route=%2Fwp%2Fv2%2Ftags&post=18987"}],"curies":[{"name":"wp","href":"https:\/\/api.w.org\/{rel}","templated":true}]}}