{"id":18972,"date":"2007-08-15T12:07:32","date_gmt":"2007-08-15T12:07:32","guid":{"rendered":"https:\/\/obscom.intervozes.org.br\/wordpress\/?p=18972"},"modified":"2007-08-15T12:07:32","modified_gmt":"2007-08-15T12:07:32","slug":"ministerio-da-cultura-lanca-livro-e-premia-valorizacao-de-comunidades","status":"publish","type":"post","link":"https:\/\/obscom.intervozes.org.br\/?p=18972","title":{"rendered":"Minist\u00e9rio da Cultura lan\u00e7a livro e premia valoriza\u00e7\u00e3o de comunidades"},"content":{"rendered":"<p>O ministro da Cultura, Gilberto Gil, lan&ccedil;a hoje (15), &agrave;s 21h30, o livro e o pr&ecirc;mio Culturas Ind&iacute;genas, com o objetivo de fortalecer as express&otilde;es culturais dessas comunidades. A cerim&ocirc;nia de lan&ccedil;amento, no teatro do Servi&ccedil;o Social do Com&eacute;rcio (Sesc) da Vila Mariana, em S&atilde;o Paulo, homenagear&aacute; o ind&iacute;gena Chic&atilde;o Chicor&oacute; e contar&aacute; com a participa&ccedil;&atilde;o de representantes de 467 comunidades e organiza&ccedil;&otilde;es.Segundo o coordenador do Projeto Culturas Ind&iacute;genas, Maur&iacute;cio Fonseca, no livro &#39;as comunidades ind&iacute;genas apresentam o seu cotidiano, em todas as &aacute;reas  da religi&atilde;o &agrave;culin&aacute;ria&#39;.<\/p>\n<p>O projeto &eacute; resultado de parceria do Minist&eacute;rio da Cultura com a Associa&ccedil;&atilde;o Guarani Nhe&#39; &Ecirc; Por&atilde; e premiar&aacute; as 100 comunidades ind&iacute;genas que mais valorizam sua representatividade &eacute;tnica e regional. O pr&ecirc;mio total &eacute; de R$ 24 mil.Fonseca destacou, no projeto, atividades que fortale&ccedil;am as express&otilde;es culturais: &#39;Se uma comunidade vive um processo de perda de cultura e um grupo decide recuperar uma festa tradicional, por exemplo, isso revitaliza a tradi&ccedil;&atilde;o de cada comunidade ind&iacute;gena.<\/p>\n<p>As informa&ccedil;&otilde;es s&atilde;o do Jornal da M&iacute;dia. <\/p>\n","protected":false},"excerpt":{"rendered":"<p>O ministro da Cultura, Gilberto Gil, lan&ccedil;a hoje (15), &agrave;s 21h30, o livro e o pr&ecirc;mio Culturas Ind&iacute;genas, com o objetivo de fortalecer as express&otilde;es culturais dessas comunidades. A cerim&ocirc;nia de lan&ccedil;amento, no teatro do Servi&ccedil;o Social do Com&eacute;rcio (Sesc) da Vila Mariana, em S&atilde;o Paulo, homenagear&aacute; o ind&iacute;gena Chic&atilde;o Chicor&oacute; e contar&aacute; com a &hellip; <a href=\"https:\/\/obscom.intervozes.org.br\/?p=18972\" class=\"more-link\">Continue lendo <span class=\"screen-reader-text\">Minist\u00e9rio da Cultura lan\u00e7a livro e premia valoriza\u00e7\u00e3o de comunidades<\/span> <span class=\"meta-nav\">&rarr;<\/span><\/a><\/p>\n","protected":false},"author":1,"featured_media":0,"comment_status":"open","ping_status":"open","sticky":false,"template":"","format":"standard","meta":{"footnotes":""},"categories":[39],"tags":[],"_links":{"self":[{"href":"https:\/\/obscom.intervozes.org.br\/index.php?rest_route=\/wp\/v2\/posts\/18972"}],"collection":[{"href":"https:\/\/obscom.intervozes.org.br\/index.php?rest_route=\/wp\/v2\/posts"}],"about":[{"href":"https:\/\/obscom.intervozes.org.br\/index.php?rest_route=\/wp\/v2\/types\/post"}],"author":[{"embeddable":true,"href":"https:\/\/obscom.intervozes.org.br\/index.php?rest_route=\/wp\/v2\/users\/1"}],"replies":[{"embeddable":true,"href":"https:\/\/obscom.intervozes.org.br\/index.php?rest_route=%2Fwp%2Fv2%2Fcomments&post=18972"}],"version-history":[{"count":0,"href":"https:\/\/obscom.intervozes.org.br\/index.php?rest_route=\/wp\/v2\/posts\/18972\/revisions"}],"wp:attachment":[{"href":"https:\/\/obscom.intervozes.org.br\/index.php?rest_route=%2Fwp%2Fv2%2Fmedia&parent=18972"}],"wp:term":[{"taxonomy":"category","embeddable":true,"href":"https:\/\/obscom.intervozes.org.br\/index.php?rest_route=%2Fwp%2Fv2%2Fcategories&post=18972"},{"taxonomy":"post_tag","embeddable":true,"href":"https:\/\/obscom.intervozes.org.br\/index.php?rest_route=%2Fwp%2Fv2%2Ftags&post=18972"}],"curies":[{"name":"wp","href":"https:\/\/api.w.org\/{rel}","templated":true}]}}