{"id":18970,"date":"2007-08-15T11:58:44","date_gmt":"2007-08-15T11:58:44","guid":{"rendered":"https:\/\/obscom.intervozes.org.br\/wordpress\/?p=18970"},"modified":"2007-08-15T11:58:44","modified_gmt":"2007-08-15T11:58:44","slug":"comissao-de-ct-vota-classificacao-indicativa-em-sites","status":"publish","type":"post","link":"https:\/\/obscom.intervozes.org.br\/?p=18970","title":{"rendered":"Comiss\u00e3o de C&#038;T vota classifica\u00e7\u00e3o indicativa em sites"},"content":{"rendered":"<p>A Comiss&atilde;o de Ci&ecirc;ncia e Tecnologia, Comunica&ccedil;&atilde;o e Inform&aacute;ticada C&acirc;mara dos Deputados pode votar nesta quarta-feira (15) o Projeto de Lei 2231\/99, que obriga os respons&aacute;veis por sites provedores de informa&ccedil;&otilde;es na internet a fornecer classifica&ccedil;&atilde;o indicativa do conte&uacute;do veiculado. Tramitam em conjunto com essa proposi&ccedil;&atilde;o mais tr&ecirc;s projetos de lei: o 4426\/01 e o 1264\/03, que obrigam os fornecedores de programas de navega&ccedil;&atilde;o e os provedores de acesso &agrave; internet a oferecerem programas que permitam o controle de acesso de crian&ccedil;as e adolescentes a material inadequado &agrave; sua faixa et&aacute;ria;e o 2842\/03, que obriga os provedores a manterem registro e fornecer classifica&ccedil;&atilde;o indicativa do conte&uacute;do veiculado. <\/p>\n<p>Esta &uacute;ltima proposta tamb&eacute;m determina que os provedores que veiculam conte&uacute;do inadequado a menores de 18 anos condicionem o acesso a essa informa&ccedil;&atilde;o &agrave; identifica&ccedil;&atilde;o pr&eacute;via do usu&aacute;rio e &agrave; comprova&ccedil;&atilde;o de sua idade. Pelo projeto, as p&aacute;ginas j&aacute; existentes ter&atilde;o 180 dias de prazo para se adequarem ao novo dispositivo, que ser&aacute; incorporado ao Estatuto da Crian&ccedil;a e do Adolescente (Lei 8.069\/90). A proposta obriga ainda os provedores a disponibilizarem c&oacute;digo parao controle de acesso do usu&aacute;rio. Tamb&eacute;m poder&aacute; ser votado pela comiss&atilde;o o projeto de lei 3684\/04, que trata sobra as medidas de incentivo &agrave;s empresas de desenvolvimento de programas de computador livres. <\/p>\n<p><\/p>\n","protected":false},"excerpt":{"rendered":"<p>A Comiss&atilde;o de Ci&ecirc;ncia e Tecnologia, Comunica&ccedil;&atilde;o e Inform&aacute;ticada C&acirc;mara dos Deputados pode votar nesta quarta-feira (15) o Projeto de Lei 2231\/99, que obriga os respons&aacute;veis por sites provedores de informa&ccedil;&otilde;es na internet a fornecer classifica&ccedil;&atilde;o indicativa do conte&uacute;do veiculado. Tramitam em conjunto com essa proposi&ccedil;&atilde;o mais tr&ecirc;s projetos de lei: o 4426\/01 e o &hellip; <a href=\"https:\/\/obscom.intervozes.org.br\/?p=18970\" class=\"more-link\">Continue lendo <span class=\"screen-reader-text\">Comiss\u00e3o de C&#038;T vota classifica\u00e7\u00e3o indicativa em sites<\/span> <span class=\"meta-nav\">&rarr;<\/span><\/a><\/p>\n","protected":false},"author":1,"featured_media":0,"comment_status":"open","ping_status":"open","sticky":false,"template":"","format":"standard","meta":{"footnotes":""},"categories":[40],"tags":[268],"_links":{"self":[{"href":"https:\/\/obscom.intervozes.org.br\/index.php?rest_route=\/wp\/v2\/posts\/18970"}],"collection":[{"href":"https:\/\/obscom.intervozes.org.br\/index.php?rest_route=\/wp\/v2\/posts"}],"about":[{"href":"https:\/\/obscom.intervozes.org.br\/index.php?rest_route=\/wp\/v2\/types\/post"}],"author":[{"embeddable":true,"href":"https:\/\/obscom.intervozes.org.br\/index.php?rest_route=\/wp\/v2\/users\/1"}],"replies":[{"embeddable":true,"href":"https:\/\/obscom.intervozes.org.br\/index.php?rest_route=%2Fwp%2Fv2%2Fcomments&post=18970"}],"version-history":[{"count":0,"href":"https:\/\/obscom.intervozes.org.br\/index.php?rest_route=\/wp\/v2\/posts\/18970\/revisions"}],"wp:attachment":[{"href":"https:\/\/obscom.intervozes.org.br\/index.php?rest_route=%2Fwp%2Fv2%2Fmedia&parent=18970"}],"wp:term":[{"taxonomy":"category","embeddable":true,"href":"https:\/\/obscom.intervozes.org.br\/index.php?rest_route=%2Fwp%2Fv2%2Fcategories&post=18970"},{"taxonomy":"post_tag","embeddable":true,"href":"https:\/\/obscom.intervozes.org.br\/index.php?rest_route=%2Fwp%2Fv2%2Ftags&post=18970"}],"curies":[{"name":"wp","href":"https:\/\/api.w.org\/{rel}","templated":true}]}}