{"id":18969,"date":"2007-08-15T11:54:14","date_gmt":"2007-08-15T11:54:14","guid":{"rendered":"https:\/\/obscom.intervozes.org.br\/wordpress\/?p=18969"},"modified":"2007-08-15T11:54:14","modified_gmt":"2007-08-15T11:54:14","slug":"seminario-propoe-discussao-sobre-direitos-autorais","status":"publish","type":"post","link":"https:\/\/obscom.intervozes.org.br\/?p=18969","title":{"rendered":"Semin\u00e1rio prop\u00f5e discuss\u00e3o sobre direitos autorais"},"content":{"rendered":"<p>Acontece entre os dias 17 e 19 de agosto, em S&atilde;o Paulo, o encontro da Federa&ccedil;&atilde;o dos Escritores e Diretores Audiovisuais Latino-Americanos (Fedala). A abertura do evento ser&aacute; marcada pela realiza&ccedil;&atilde;o do Semin&aacute;rio de Direitos Autorais, que acontece no dia 17, na Cinemateca Brasileira, com entrada gratuita. Entre os convidados, est&atilde;o o ministro da Cultura, Gilberto Gil; o Secret&aacute;rio do Audiovisual do MinC, Orlando Senna; e o coordenador da Fedala, o argentino Roly Santos.<\/p>\n<p>O Semin&aacute;rio de Direitos Autorais faz parte da iniciativa da Associa&ccedil;&atilde;o Paulista de Cineastas e da Associa&ccedil;&atilde;o Brasileira de Cineastas de reformular a legisla&ccedil;&atilde;o de direitos autorais no Brasil, adequando-a aos novos tempos de converg&ecirc;ncia das diferentes m&iacute;dias, e tornando-a tamb&eacute;m mais justa. As inscri&ccedil;&otilde;es para o semin&aacute;rio podem ser feitas pelo e-mail <a href=\"mailto:fcfcom@uol.com.br\">fcfcom@uol.com.br<\/a>. O encontro da Fedala, que acontece nos dias 18 e 19, &eacute; exclusivo para entidades.<\/p>\n<p>As informa&ccedil;&otilde;es s&atilde;o da Tela Viva. <\/p>\n","protected":false},"excerpt":{"rendered":"<p>Acontece entre os dias 17 e 19 de agosto, em S&atilde;o Paulo, o encontro da Federa&ccedil;&atilde;o dos Escritores e Diretores Audiovisuais Latino-Americanos (Fedala). A abertura do evento ser&aacute; marcada pela realiza&ccedil;&atilde;o do Semin&aacute;rio de Direitos Autorais, que acontece no dia 17, na Cinemateca Brasileira, com entrada gratuita. Entre os convidados, est&atilde;o o ministro da Cultura, &hellip; <a href=\"https:\/\/obscom.intervozes.org.br\/?p=18969\" class=\"more-link\">Continue lendo <span class=\"screen-reader-text\">Semin\u00e1rio prop\u00f5e discuss\u00e3o sobre direitos autorais<\/span> <span class=\"meta-nav\">&rarr;<\/span><\/a><\/p>\n","protected":false},"author":1,"featured_media":0,"comment_status":"open","ping_status":"open","sticky":false,"template":"","format":"standard","meta":{"footnotes":""},"categories":[39],"tags":[],"_links":{"self":[{"href":"https:\/\/obscom.intervozes.org.br\/index.php?rest_route=\/wp\/v2\/posts\/18969"}],"collection":[{"href":"https:\/\/obscom.intervozes.org.br\/index.php?rest_route=\/wp\/v2\/posts"}],"about":[{"href":"https:\/\/obscom.intervozes.org.br\/index.php?rest_route=\/wp\/v2\/types\/post"}],"author":[{"embeddable":true,"href":"https:\/\/obscom.intervozes.org.br\/index.php?rest_route=\/wp\/v2\/users\/1"}],"replies":[{"embeddable":true,"href":"https:\/\/obscom.intervozes.org.br\/index.php?rest_route=%2Fwp%2Fv2%2Fcomments&post=18969"}],"version-history":[{"count":0,"href":"https:\/\/obscom.intervozes.org.br\/index.php?rest_route=\/wp\/v2\/posts\/18969\/revisions"}],"wp:attachment":[{"href":"https:\/\/obscom.intervozes.org.br\/index.php?rest_route=%2Fwp%2Fv2%2Fmedia&parent=18969"}],"wp:term":[{"taxonomy":"category","embeddable":true,"href":"https:\/\/obscom.intervozes.org.br\/index.php?rest_route=%2Fwp%2Fv2%2Fcategories&post=18969"},{"taxonomy":"post_tag","embeddable":true,"href":"https:\/\/obscom.intervozes.org.br\/index.php?rest_route=%2Fwp%2Fv2%2Ftags&post=18969"}],"curies":[{"name":"wp","href":"https:\/\/api.w.org\/{rel}","templated":true}]}}