{"id":18957,"date":"2007-08-14T14:29:07","date_gmt":"2007-08-14T14:29:07","guid":{"rendered":"https:\/\/obscom.intervozes.org.br\/wordpress\/?p=18957"},"modified":"2007-08-14T14:29:07","modified_gmt":"2007-08-14T14:29:07","slug":"radio-digital-e-producao-de-conteudo-por-teles-sao-temas-de-audiencias-no-senado-e-na-camara","status":"publish","type":"post","link":"https:\/\/obscom.intervozes.org.br\/?p=18957","title":{"rendered":"R\u00e1dio digital e produ\u00e7\u00e3o de conte\u00fado por teles s\u00e3o temas de audi\u00eancias no Senado e na C\u00e2mara"},"content":{"rendered":"<p>A implanta&ccedil;&atilde;o da r&aacute;dio digital no Brasil ser&aacute; tema de audi&ecirc;ncia que a Comiss&atilde;o de Ci&ecirc;ncia e Tecnologia (CCT) realiza na quarta-feira (15), conforme requerimento do presidente do colegiado, senador Wellington Salgado (PMDB-MG).<\/p>\n<p>Foram convidados para o debate o consultor jur&iacute;dico do Minist&eacute;rio das Comunica&ccedil;&otilde;es, Marcelo Bechara; o superintendente de Servi&ccedil;os de Comunica&ccedil;&atilde;o de Massa da Ag&ecirc;ncia Nacional de Telecomunica&ccedil;&otilde;es (Anatel), Ara Apkar Minassian; e o presidente do Centro de Tecnologia Eletr&ocirc;nica Avan&ccedil;ada do Rio Grande do Sul, S&eacute;rgio Dias. <\/p>\n<p>No mesmo dia, as comiss&otilde;es de Ci&ecirc;ncia e Tecnologia, Comunica&ccedil;&atilde;o e Inform&aacute;tica; e de Desenvolvimento Econ&ocirc;mico, Ind&uacute;stria e Com&eacute;rcio realizam audi&ecirc;ncia p&uacute;blica para debater o Projeto de Lei 29\/07 ,do deputado Paulo Bornhausen (DEM-SC), que d&aacute; &agrave;s empresas de telefonia fixa e m&oacute;vel o direito de produzir e distribuir conte&uacute;do eletr&ocirc;nico. Para isso, as empresas dever&atilde;o ser constitu&iacute;das e sediadas no Brasil ou ter a maioria do seu capital em poder de pessoas residentes no Pa&iacute;s. <\/p>\n<p>O ministro das Comunica&ccedil;&otilde;es, H&eacute;lio Costa, e o presidente da Ag&ecirc;ncia Nacional de Telecomunica&ccedil;&otilde;es (Anatel), Ronaldo Sardenberg, foram convidados para participar do debate.<\/p>\n","protected":false},"excerpt":{"rendered":"<p>A implanta&ccedil;&atilde;o da r&aacute;dio digital no Brasil ser&aacute; tema de audi&ecirc;ncia que a Comiss&atilde;o de Ci&ecirc;ncia e Tecnologia (CCT) realiza na quarta-feira (15), conforme requerimento do presidente do colegiado, senador Wellington Salgado (PMDB-MG). Foram convidados para o debate o consultor jur&iacute;dico do Minist&eacute;rio das Comunica&ccedil;&otilde;es, Marcelo Bechara; o superintendente de Servi&ccedil;os de Comunica&ccedil;&atilde;o de Massa &hellip; <a href=\"https:\/\/obscom.intervozes.org.br\/?p=18957\" class=\"more-link\">Continue lendo <span class=\"screen-reader-text\">R\u00e1dio digital e produ\u00e7\u00e3o de conte\u00fado por teles s\u00e3o temas de audi\u00eancias no Senado e na C\u00e2mara<\/span> <span class=\"meta-nav\">&rarr;<\/span><\/a><\/p>\n","protected":false},"author":1,"featured_media":0,"comment_status":"open","ping_status":"open","sticky":false,"template":"","format":"standard","meta":{"footnotes":""},"categories":[39],"tags":[],"_links":{"self":[{"href":"https:\/\/obscom.intervozes.org.br\/index.php?rest_route=\/wp\/v2\/posts\/18957"}],"collection":[{"href":"https:\/\/obscom.intervozes.org.br\/index.php?rest_route=\/wp\/v2\/posts"}],"about":[{"href":"https:\/\/obscom.intervozes.org.br\/index.php?rest_route=\/wp\/v2\/types\/post"}],"author":[{"embeddable":true,"href":"https:\/\/obscom.intervozes.org.br\/index.php?rest_route=\/wp\/v2\/users\/1"}],"replies":[{"embeddable":true,"href":"https:\/\/obscom.intervozes.org.br\/index.php?rest_route=%2Fwp%2Fv2%2Fcomments&post=18957"}],"version-history":[{"count":0,"href":"https:\/\/obscom.intervozes.org.br\/index.php?rest_route=\/wp\/v2\/posts\/18957\/revisions"}],"wp:attachment":[{"href":"https:\/\/obscom.intervozes.org.br\/index.php?rest_route=%2Fwp%2Fv2%2Fmedia&parent=18957"}],"wp:term":[{"taxonomy":"category","embeddable":true,"href":"https:\/\/obscom.intervozes.org.br\/index.php?rest_route=%2Fwp%2Fv2%2Fcategories&post=18957"},{"taxonomy":"post_tag","embeddable":true,"href":"https:\/\/obscom.intervozes.org.br\/index.php?rest_route=%2Fwp%2Fv2%2Ftags&post=18957"}],"curies":[{"name":"wp","href":"https:\/\/api.w.org\/{rel}","templated":true}]}}