{"id":18956,"date":"2007-08-14T14:26:31","date_gmt":"2007-08-14T14:26:31","guid":{"rendered":"https:\/\/obscom.intervozes.org.br\/wordpress\/?p=18956"},"modified":"2007-08-14T14:26:31","modified_gmt":"2007-08-14T14:26:31","slug":"ministerio-das-comunicacoes-convoca-radiodifusores-para-recadastramento","status":"publish","type":"post","link":"https:\/\/obscom.intervozes.org.br\/?p=18956","title":{"rendered":"Minist\u00e9rio das Comunica\u00e7\u00f5es convoca radiodifusores para recadastramento"},"content":{"rendered":"<p>O Minist&eacute;rio das Comunica&ccedil;&otilde;es abriu nesta segunda, 13, um processo de recadastramento de todas as empresas de radiodifus&atilde;o brasileiras. A iniciativa ser&aacute; uma esp&eacute;cie de censo das empresas de televis&atilde;o e r&aacute;dio e servir&aacute; tamb&eacute;m para atualizar a situa&ccedil;&atilde;o societ&aacute;ria das companhias. A portaria publicada no Di&aacute;rio Oficial desta segunda-feira, 13, d&aacute; 60 dias para os radiodifusores atualizarem seus cadastros no minist&eacute;rio. O pedido de anu&ecirc;ncia pr&eacute;via do Executivo para quaisquer altera&ccedil;&otilde;es nas empresas de radiodifus&atilde;o &eacute; uma obriga&ccedil;&atilde;o prevista em lei. No entanto, nem sempre o minist&eacute;rio consegue acompanhar todas as mudan&ccedil;as quando n&atilde;o h&aacute; declara&ccedil;&atilde;o por parte da pr&oacute;pria empresa e puni-la pela falta de informa&ccedil;&atilde;o. <\/p>\n<p>O recadastramento poder&aacute; gerar advert&ecirc;ncias e multas &agrave;s entidades que fizeram trocas no seu capital social e ficar comprovado que n&atilde;o pediram autoriza&ccedil;&atilde;o do minist&eacute;rio, como manda a lei. A convoca&ccedil;&atilde;o tamb&eacute;m dever&aacute; facilitar a distribui&ccedil;&atilde;o de canais digitais para as r&aacute;dios, uma vez que os cadastros estar&atilde;o atualizados no momento da assinatura do termo de designa&ccedil;&atilde;o.<\/p>\n<p>As informa&ccedil;&otilde;es s&atilde;o da Tela Viva News.<\/p>\n","protected":false},"excerpt":{"rendered":"<p>O Minist&eacute;rio das Comunica&ccedil;&otilde;es abriu nesta segunda, 13, um processo de recadastramento de todas as empresas de radiodifus&atilde;o brasileiras. A iniciativa ser&aacute; uma esp&eacute;cie de censo das empresas de televis&atilde;o e r&aacute;dio e servir&aacute; tamb&eacute;m para atualizar a situa&ccedil;&atilde;o societ&aacute;ria das companhias. A portaria publicada no Di&aacute;rio Oficial desta segunda-feira, 13, d&aacute; 60 dias para &hellip; <a href=\"https:\/\/obscom.intervozes.org.br\/?p=18956\" class=\"more-link\">Continue lendo <span class=\"screen-reader-text\">Minist\u00e9rio das Comunica\u00e7\u00f5es convoca radiodifusores para recadastramento<\/span> <span class=\"meta-nav\">&rarr;<\/span><\/a><\/p>\n","protected":false},"author":1,"featured_media":0,"comment_status":"open","ping_status":"open","sticky":false,"template":"","format":"standard","meta":{"footnotes":""},"categories":[39],"tags":[],"_links":{"self":[{"href":"https:\/\/obscom.intervozes.org.br\/index.php?rest_route=\/wp\/v2\/posts\/18956"}],"collection":[{"href":"https:\/\/obscom.intervozes.org.br\/index.php?rest_route=\/wp\/v2\/posts"}],"about":[{"href":"https:\/\/obscom.intervozes.org.br\/index.php?rest_route=\/wp\/v2\/types\/post"}],"author":[{"embeddable":true,"href":"https:\/\/obscom.intervozes.org.br\/index.php?rest_route=\/wp\/v2\/users\/1"}],"replies":[{"embeddable":true,"href":"https:\/\/obscom.intervozes.org.br\/index.php?rest_route=%2Fwp%2Fv2%2Fcomments&post=18956"}],"version-history":[{"count":0,"href":"https:\/\/obscom.intervozes.org.br\/index.php?rest_route=\/wp\/v2\/posts\/18956\/revisions"}],"wp:attachment":[{"href":"https:\/\/obscom.intervozes.org.br\/index.php?rest_route=%2Fwp%2Fv2%2Fmedia&parent=18956"}],"wp:term":[{"taxonomy":"category","embeddable":true,"href":"https:\/\/obscom.intervozes.org.br\/index.php?rest_route=%2Fwp%2Fv2%2Fcategories&post=18956"},{"taxonomy":"post_tag","embeddable":true,"href":"https:\/\/obscom.intervozes.org.br\/index.php?rest_route=%2Fwp%2Fv2%2Ftags&post=18956"}],"curies":[{"name":"wp","href":"https:\/\/api.w.org\/{rel}","templated":true}]}}