{"id":18945,"date":"2007-08-13T17:09:33","date_gmt":"2007-08-13T17:09:33","guid":{"rendered":"https:\/\/obscom.intervozes.org.br\/wordpress\/?p=18945"},"modified":"2007-08-13T17:09:33","modified_gmt":"2007-08-13T17:09:33","slug":"corregedoria-quer-apurar-relacao-de-senador-com-radio","status":"publish","type":"post","link":"https:\/\/obscom.intervozes.org.br\/?p=18945","title":{"rendered":"Corregedoria quer apurar rela\u00e7\u00e3o de senador com r\u00e1dio"},"content":{"rendered":"<p>O corregedor do Senado, Romeu Tuma (DEM-SP), afirmou quevai investigar se o presidente do Senado, Renan Calheiros (PMDB-AL), usou &#39;laranjas&#39; para obter concess&otilde;es de r&aacute;dio. Ele deve chamar os donos da JR Comunica&ccedil;&atilde;o, da qual Renan seria s&oacute;cio oculto, para prestar esclarecimentos. <\/p>\n<p>Tuma tamb&eacute;m disse que pedir&aacute; ao Minist&eacute;rio das Comunica&ccedil;&otilde;es os pareceres sobre as concess&otilde;es de r&aacute;dio da empresa. Renan assinou na ter&ccedil;a-feira um decreto legislativo aprovando uma nova concess&atilde;o de r&aacute;dio para a JR Comunica&ccedil;&atilde;o. O decreto autoriza a Uni&atilde;o a assinar contrato de concess&atilde;o de uma r&aacute;dio FM, na cidade de Joaquim Gomes (AL), com a JR Radiodifus&atilde;o. A concess&atilde;o &eacute; pelo prazo de dez anos, renov&aacute;veis, e foi adquirida pela empresa emlicita&ccedil;&atilde;o do Minist&eacute;rio das Comunica&ccedil;&otilde;es. A concorr&ecirc;ncia foi aberta em 2001, e a empresa venceu com a proposta de pagar R$ 222.121. <\/p>\n<p>&#39;Os ind&iacute;cios s&atilde;o graves. Precisamos analisar os documentos e questionar a empresa para ver se houve fraude&#39;, diz Tuma. Segundo a revista &#39;Veja&#39;, Renan teriautilizado &#39;laranjas&#39; para comprar um jornal e duas r&aacute;dios em Alagoas com dinheiro de origem desconhecida. <\/p>\n<p>O PSDB e o DEM apresentaram nesta semana uma representa&ccedil;&atilde;o para que seja aberto um processo por quebra de decoro. Renan nega ter liga&ccedil;&atilde;o com a empresa e tentou se eximir de responsabilidade pela &uacute;ltima concess&atilde;o, dizendo que esta foi aprovada pela Comiss&atilde;o de Comunica&ccedil;&atilde;o, Ci&ecirc;ncia e Tecnologia. &#39;N&atilde;o &eacute; o Congresso enquanto Congresso que aprova, s&atilde;o as comiss&otilde;es t&eacute;cnicas&#39;, disse Renan. &#39;Ontem [anteontem] assinei umas 40 concess&otilde;es.&#39;<\/p>\n<p>Do contrato da empresa que ominist&eacute;rio enviou ao Congresso consta que a JR Comunica&ccedil;&atilde;o pertence a Carlos Nascimento Santa Ritta e a Jos&eacute; Carlos Pacheco Paes. A empresa tem sede em Macei&oacute; e capital social de R$ 100 mil. Santa Ritta ocupa cargo em comiss&atilde;o no gabinete de Renan, como assessor t&eacute;cnico, desde 2004. Recebe sal&aacute;rio bruto de R$ 9.031 por m&ecirc;s. Ele nega que o senador tenha participa&ccedil;&atilde;o nas r&aacute;dios. Segundo a &#39;Veja&#39;, Pacheco transferiu sua cota na empresa (50%) para Antonio Tito Uch&ocirc;a Lopes, primo de Renan, em 2005, mas dos documentos da empresa arquivados no Senado n&atilde;o consta a mudan&ccedil;a. <\/p>\n<p><img loading=\"lazy\" decoding=\"async\" src=\"images\/stories\/politica_publicacoes\/c_normal_pq.png\" alt=\"Active Image\" width=\"15\" height=\"15\" \/>&nbsp;Copyright Folha de S&atilde;o Paulo<\/p>\n","protected":false},"excerpt":{"rendered":"<p>O corregedor do Senado, Romeu Tuma (DEM-SP), afirmou quevai investigar se o presidente do Senado, Renan Calheiros (PMDB-AL), usou &#39;laranjas&#39; para obter concess&otilde;es de r&aacute;dio. Ele deve chamar os donos da JR Comunica&ccedil;&atilde;o, da qual Renan seria s&oacute;cio oculto, para prestar esclarecimentos. Tuma tamb&eacute;m disse que pedir&aacute; ao Minist&eacute;rio das Comunica&ccedil;&otilde;es os pareceres sobre as &hellip; <a href=\"https:\/\/obscom.intervozes.org.br\/?p=18945\" class=\"more-link\">Continue lendo <span class=\"screen-reader-text\">Corregedoria quer apurar rela\u00e7\u00e3o de senador com r\u00e1dio<\/span> <span class=\"meta-nav\">&rarr;<\/span><\/a><\/p>\n","protected":false},"author":1,"featured_media":0,"comment_status":"open","ping_status":"open","sticky":false,"template":"","format":"standard","meta":{"footnotes":""},"categories":[40],"tags":[83],"_links":{"self":[{"href":"https:\/\/obscom.intervozes.org.br\/index.php?rest_route=\/wp\/v2\/posts\/18945"}],"collection":[{"href":"https:\/\/obscom.intervozes.org.br\/index.php?rest_route=\/wp\/v2\/posts"}],"about":[{"href":"https:\/\/obscom.intervozes.org.br\/index.php?rest_route=\/wp\/v2\/types\/post"}],"author":[{"embeddable":true,"href":"https:\/\/obscom.intervozes.org.br\/index.php?rest_route=\/wp\/v2\/users\/1"}],"replies":[{"embeddable":true,"href":"https:\/\/obscom.intervozes.org.br\/index.php?rest_route=%2Fwp%2Fv2%2Fcomments&post=18945"}],"version-history":[{"count":0,"href":"https:\/\/obscom.intervozes.org.br\/index.php?rest_route=\/wp\/v2\/posts\/18945\/revisions"}],"wp:attachment":[{"href":"https:\/\/obscom.intervozes.org.br\/index.php?rest_route=%2Fwp%2Fv2%2Fmedia&parent=18945"}],"wp:term":[{"taxonomy":"category","embeddable":true,"href":"https:\/\/obscom.intervozes.org.br\/index.php?rest_route=%2Fwp%2Fv2%2Fcategories&post=18945"},{"taxonomy":"post_tag","embeddable":true,"href":"https:\/\/obscom.intervozes.org.br\/index.php?rest_route=%2Fwp%2Fv2%2Ftags&post=18945"}],"curies":[{"name":"wp","href":"https:\/\/api.w.org\/{rel}","templated":true}]}}