{"id":18933,"date":"2007-08-10T14:12:12","date_gmt":"2007-08-10T14:12:12","guid":{"rendered":"https:\/\/obscom.intervozes.org.br\/wordpress\/?p=18933"},"modified":"2007-08-10T14:12:12","modified_gmt":"2007-08-10T14:12:12","slug":"congresso-nacional-audiencia-retomara-tramitacao-de-projetos-convergentes","status":"publish","type":"post","link":"https:\/\/obscom.intervozes.org.br\/?p=18933","title":{"rendered":"Congresso Nacional: audi\u00eancia retomar\u00e1 tramita\u00e7\u00e3o de projetos convergentes"},"content":{"rendered":"<p>Da Tela Viva News:<\/p>\n<p>A Comiss&atilde;o de Desenvolvimento Econ&ocirc;mico da C&acirc;mara dos Deputados deve discutir na pr&oacute;xima quarta, dia 15, os projetos de lei que tratam da produ&ccedil;&atilde;o, programa&ccedil;&atilde;o e provimento de conte&uacute;dos por meios eletr&ocirc;nicos PL 29\/2007 (do deputado Paulo Bornhausen), PL 70\/2007 (de autoria do deputado Nelson Marquezelli) e do PL 332\/2007 (deputado Paulo Teixeira). Da audi&ecirc;ncia, segundo o presidente da Comiss&atilde;o, deputado Wellington Fagundes (PR\/MT), participar&atilde;o o ministro H&eacute;lio Costa, o presidente da Anatel, Ronaldo Sardenberg, e ainda os presidentes das associa&ccedil;&otilde;es de TV aberta (Abert e Abra), TV por assinatura (ABTA) e telecomunica&ccedil;&otilde;eos (Abrafix). No entanto, &eacute; prov&aacute;vel que alguns dos nomes n&atilde;o participem, j&aacute; que os convites ainda n&atilde;o foram feitos e h&aacute; a id&eacute;ia de se separar a presen&ccedil;a das autoridades e dos representantes dos empres&aacute;rios.<\/p>\n<p>A audi&ecirc;ncia ser&aacute; realizada em conjunto com a Comiss&atilde;o de Comunica&ccedil;&atilde;o, informa o deputado Jorge Bittar (PT\/RJ), relator da mat&eacute;ria na Comiss&atilde;o de Ci&ecirc;ncia, Tecnologia, Comunica&ccedil;&atilde;o e Inform&aacute;tica da C&acirc;mara. Segundo os deputados, os relat&oacute;rios nas duas comiss&otilde;es est&atilde;o sendo elaborados em conjunto, para acelerar a tramita&ccedil;&atilde;o. Na comiss&atilde;o de desenvolvimento econ&ocirc;mico, a id&eacute;ia &eacute; concluir a mat&eacute;ria at&eacute; o final de agosto, diz Fagundes, que tamb&eacute;m &eacute; o relator na comiss&atilde;o. Em setembro, diz Bittar, o relat&oacute;rio deve ir &agrave; vota&ccedil;&atilde;o na comiss&atilde;o de comunica&ccedil;&atilde;o em car&aacute;ter terminativo (ou seja, n&atilde;o passando pelo Plen&aacute;rio da Casa). Uma vez aprovado, ele iria para o Senado ainda no segundo semestre.<\/p>\n","protected":false},"excerpt":{"rendered":"<p>Da Tela Viva News: A Comiss&atilde;o de Desenvolvimento Econ&ocirc;mico da C&acirc;mara dos Deputados deve discutir na pr&oacute;xima quarta, dia 15, os projetos de lei que tratam da produ&ccedil;&atilde;o, programa&ccedil;&atilde;o e provimento de conte&uacute;dos por meios eletr&ocirc;nicos PL 29\/2007 (do deputado Paulo Bornhausen), PL 70\/2007 (de autoria do deputado Nelson Marquezelli) e do PL 332\/2007 (deputado &hellip; <a href=\"https:\/\/obscom.intervozes.org.br\/?p=18933\" class=\"more-link\">Continue lendo <span class=\"screen-reader-text\">Congresso Nacional: audi\u00eancia retomar\u00e1 tramita\u00e7\u00e3o de projetos convergentes<\/span> <span class=\"meta-nav\">&rarr;<\/span><\/a><\/p>\n","protected":false},"author":1,"featured_media":0,"comment_status":"open","ping_status":"open","sticky":false,"template":"","format":"standard","meta":{"footnotes":""},"categories":[39],"tags":[],"_links":{"self":[{"href":"https:\/\/obscom.intervozes.org.br\/index.php?rest_route=\/wp\/v2\/posts\/18933"}],"collection":[{"href":"https:\/\/obscom.intervozes.org.br\/index.php?rest_route=\/wp\/v2\/posts"}],"about":[{"href":"https:\/\/obscom.intervozes.org.br\/index.php?rest_route=\/wp\/v2\/types\/post"}],"author":[{"embeddable":true,"href":"https:\/\/obscom.intervozes.org.br\/index.php?rest_route=\/wp\/v2\/users\/1"}],"replies":[{"embeddable":true,"href":"https:\/\/obscom.intervozes.org.br\/index.php?rest_route=%2Fwp%2Fv2%2Fcomments&post=18933"}],"version-history":[{"count":0,"href":"https:\/\/obscom.intervozes.org.br\/index.php?rest_route=\/wp\/v2\/posts\/18933\/revisions"}],"wp:attachment":[{"href":"https:\/\/obscom.intervozes.org.br\/index.php?rest_route=%2Fwp%2Fv2%2Fmedia&parent=18933"}],"wp:term":[{"taxonomy":"category","embeddable":true,"href":"https:\/\/obscom.intervozes.org.br\/index.php?rest_route=%2Fwp%2Fv2%2Fcategories&post=18933"},{"taxonomy":"post_tag","embeddable":true,"href":"https:\/\/obscom.intervozes.org.br\/index.php?rest_route=%2Fwp%2Fv2%2Ftags&post=18933"}],"curies":[{"name":"wp","href":"https:\/\/api.w.org\/{rel}","templated":true}]}}