{"id":18929,"date":"2007-08-09T15:53:16","date_gmt":"2007-08-09T15:53:16","guid":{"rendered":"https:\/\/obscom.intervozes.org.br\/wordpress\/?p=18929"},"modified":"2007-08-09T15:53:16","modified_gmt":"2007-08-09T15:53:16","slug":"conferencia-segue-sem-apoio-do-governo","status":"publish","type":"post","link":"https:\/\/obscom.intervozes.org.br\/?p=18929","title":{"rendered":"Confer\u00eancia segue sem apoio do governo"},"content":{"rendered":"<p><span>Continuam sem defini&ccedil;&atilde;o os rumos da Confer&ecirc;ncia Nacional de Comunica&ccedil;&atilde;o. O adiamento do evento convocado pelo ministro das Comunica&ccedil;&otilde;es H&eacute;lio Costa, chamado de &ldquo;confer&ecirc;ncia preparat&oacute;ria&rdquo; (antes disso havia sido nomeado de &ldquo;confer&ecirc;ncia&rdquo;, &ldquo;congresso&rdquo; e &ldquo;semin&aacute;rio internacional&rdquo;), marcado anteriormente para os dias 14, 15 e 16 de agosto, assim como a indefini&ccedil;&atilde;o dos diversos atores do governo sobre o tema, ainda geram d&uacute;vidas nos movimentos que defendem a democratiza&ccedil;&atilde;o das comunica&ccedil;&otilde;es sobre a real inten&ccedil;&atilde;o do governo federal em realizar uma Confer&ecirc;ncia ampla e democr&aacute;tica, nos moldes das iniciativas j&aacute; realizadas em outros setores. O adiamento foi justificado pela Comiss&atilde;o de Ci&ecirc;ncia e Tecnologia, Comunica&ccedil;&atilde;o e Inform&aacute;tica da C&acirc;mara (CCTCI) &ndash; parceira do evento &ndash; por problemas de &ldquo;agenda e log&iacute;stica&rdquo;. A &ldquo;confer&ecirc;ncia preparat&oacute;ria&rdquo;, que segundo assessores da CCTCI est&aacute; prevista para ocorrer em setembro, teria ainda como organizadores a Comiss&atilde;o de Ci&ecirc;ncia e Tecnologia, Comunica&ccedil;&atilde;o, Inova&ccedil;&atilde;o e Inform&aacute;tica do Senado e a Anatel &ndash; Ag&ecirc;ncia Nacional de Telecomunica&ccedil;&otilde;es.<\/p>\n<p><\/span><span>O princ&iacute;pio da pol&ecirc;mica foi a proposta do ministro H&eacute;lio Costa de uma Confer&ecirc;ncia Nacional que, segundo um deputado federal envolvido nos preparativos do evento, deveria definir &ldquo;o marco regulat&oacute;rio das comunica&ccedil;&otilde;es&rdquo;. Diferentemente da ocasi&atilde;o em que se precipitou na defini&ccedil;&atilde;o do car&aacute;ter da nova TV p&uacute;blica nacional e foi imediatamente desautorizado, o ministro agora conta com a coniv&ecirc;ncia de outros setores do governo. O ministro Franklin Martins, da Secretaria de Comunica&ccedil;&atilde;o Social (Secom) defende que o Minist&eacute;rio das Comunica&ccedil;&otilde;es (Minicom) tem legitimidade para tratar o evento da maneira que quiser, revelando que a Confer&ecirc;ncia, que n&atilde;o vinha sendo tratada como pol&iacute;tica de governo, pode contar com o apoio da Secom, apesar de ainda n&atilde;o haver total converg&ecirc;ncia dentro do governo sobre a quest&atilde;o.<\/p>\n<p><\/span><span>Por enquanto, o que existe de concreto a respeito &eacute; que n&atilde;o h&aacute; inten&ccedil;&atilde;o do Minicom em fazer um processo representativo, com etapas municipais e estaduais. &quot;Uma iniciativa tomada por um &oacute;rg&atilde;o do governo que tem pouca rela&ccedil;&atilde;o com atores da sociedade que militam na &aacute;rea &eacute; preocupante e pode atrapalhar muito os processos democr&aacute;ticos&quot;, afirmou &agrave; Ag&ecirc;ncia Brasil a deputada Luiza Erundina (PSB-SP), da CCTCI da C&acirc;mara. A realiza&ccedil;&atilde;o do Encontro Nacional de Comunica&ccedil;&atilde;o, iniciativa da Comiss&atilde;o de Direitos Humanos e Minorias da C&acirc;mara e da pr&oacute;pria CCTCI, em junho passado, parecia ser um ind&iacute;cio importante de que haveria engajamento suficiente dos parlamentares e do governo para a realiza&ccedil;&atilde;o de uma Confer&ecirc;ncia ampla e democr&aacute;tica.<\/p>\n<p><\/span><span>No entanto, segundo Br&aacute;ulio Ribeiro, do Intervozes, a iniciativa do Minicom foi uma tentativa de conter o movimento. &ldquo;O an&uacute;ncio do evento do H&eacute;lio Costa se deu depois da articula&ccedil;&atilde;o da sociedade civil e da C&acirc;mara, que culminou no Encontro Nacional de Comunica&ccedil;&atilde;o e que foi muito positivo. A proposta do ministro das Comunica&ccedil;&otilde;es &eacute; uma tentativa de abafar o processo que v&iacute;nhamos construindo. Para n&oacute;s [da Comiss&atilde;o Pr&oacute;-Confer&ecirc;ncia], essa iniciativa &eacute; um disparate. Por que chamar de confer&ecirc;ncia se, na verdade, n&atilde;o passa de um grande semin&aacute;rio sem espa&ccedil;o de discuss&atilde;o, sem plen&aacute;rias nem propostas. N&atilde;o tem espa&ccedil;o de delibera&ccedil;&atilde;o e, portanto, n&atilde;o se sustenta enquanto uma confer&ecirc;ncia&rdquo;, afirma Ribeiro.<\/p>\n<p><\/span><span>A Comiss&atilde;o Pr&oacute;-Confer&ecirc;ncia Nacional re&uacute;ne, entre outras, o F&oacute;rum Nacional pela Democratiza&ccedil;&atilde;o da Comunica&ccedil;&atilde;o (FNDC), o Intervozes, a Campanha pela &Eacute;tica na TV e a CUT. Para Rosane Bertotti, secret&aacute;ria de comunica&ccedil;&atilde;o da CUT nacional e integrante da comiss&atilde;o, &ldquo;essa confer&ecirc;ncia do H&eacute;lio Costa &eacute; uma esp&eacute;cie de &lsquo;desencargo de consci&ecirc;ncia&rsquo;. O que ele quer &eacute; sair por cima como algu&eacute;m democr&aacute;tico, tudo o que ele nunca foi. &Eacute; claro que ser&aacute; garantida a presen&ccedil;a de todos os setores, mas apenas para legitimar sua pol&iacute;tica. O processo, para H&eacute;lio Costa, n&atilde;o &eacute; importante&rdquo;. <\/p>\n<p><\/span><span><strong>Possibilidades<\/p>\n<p><\/strong><\/span><span>Rosane Bertotti explica que a estrat&eacute;gia da Comiss&atilde;o Pr&oacute;-Confer&ecirc;ncia deve se pautar em duas prioridades, uma atrav&eacute;s da press&atilde;o ao governo e outra em rela&ccedil;&atilde;o &agrave; pr&oacute;pria sociedade. No primeiro caso, ainda h&aacute; alguma expectativa de que as contradi&ccedil;&otilde;es internas do governo possam se resolver a favor do movimento. &ldquo;Existem v&aacute;rias posi&ccedil;&otilde;es dentro do governo Lula. Acho que esse adiamento sugere que H&eacute;lio Costa n&atilde;o tem for&ccedil;a pol&iacute;tica dentro do governo e precisa ganhar tempo. Por outro lado, &eacute; um ministro que tem sua representatividade. Outros setores n&atilde;o est&atilde;o no embate por saber disso&rdquo;, afirma.<\/p>\n<p><\/span><span>Dentro do governo, portanto, o foco de interlocu&ccedil;&atilde;o que ainda existe &eacute; o ministro Luiz Dulci, da Secretaria Geral da Presid&ecirc;ncia, o que n&atilde;o quer dizer que, necessariamente, haver&aacute; uma interfer&ecirc;ncia favor&aacute;vel, pois a Secretaria ainda n&atilde;o tem uma posi&ccedil;&atilde;o sobre o assunto e est&aacute; &ldquo;analisando&rdquo; a proposta dos movimentos e organiza&ccedil;&otilde;es da sociedade civil. A reportagem procurou a Secretaria Geral da Presid&ecirc;ncia, mas, segundo sua assessoria de imprensa, o ministro Dulci n&atilde;o tem subs&iacute;dios suficientes para comentar o assunto. De qualquer forma, enquanto o governo patina e o ministro H&eacute;lio Costa imp&otilde;e a vontade dos grandes grupos de radiodifus&atilde;o, a indaga&ccedil;&atilde;o dos movimentos sociais persiste: existe vontade pol&iacute;tica do governo em realizar uma aut&ecirc;ntica Confer&ecirc;ncia Nacional de Comunica&ccedil;&otilde;es?<\/p>\n<p><font size=\"3\"><img loading=\"lazy\" decoding=\"async\" src=\"images\/stories\/politica_publicacoes\/c_invertido_pq.png\" alt=\"Active Image\" width=\"15\" height=\"15\" \/><\/font><\/span><\/p>\n","protected":false},"excerpt":{"rendered":"<p>Adiamento do evento convocado pelo Minist\u00e9rio das Comunica\u00e7\u00f5es e a indefini\u00e7\u00e3o do governo federal sobre o tema geram d\u00favidas nos movimentos pelo Direito \u00e0 Comunica\u00e7\u00e3o sobre a real inten\u00e7\u00e3o do Executivo em apoiar uma Confer\u00eancia Nacional ampla e democr\u00e1tica.<\/p>\n","protected":false},"author":1,"featured_media":0,"comment_status":"open","ping_status":"open","sticky":false,"template":"","format":"standard","meta":{"footnotes":""},"categories":[40],"tags":[368],"_links":{"self":[{"href":"https:\/\/obscom.intervozes.org.br\/index.php?rest_route=\/wp\/v2\/posts\/18929"}],"collection":[{"href":"https:\/\/obscom.intervozes.org.br\/index.php?rest_route=\/wp\/v2\/posts"}],"about":[{"href":"https:\/\/obscom.intervozes.org.br\/index.php?rest_route=\/wp\/v2\/types\/post"}],"author":[{"embeddable":true,"href":"https:\/\/obscom.intervozes.org.br\/index.php?rest_route=\/wp\/v2\/users\/1"}],"replies":[{"embeddable":true,"href":"https:\/\/obscom.intervozes.org.br\/index.php?rest_route=%2Fwp%2Fv2%2Fcomments&post=18929"}],"version-history":[{"count":0,"href":"https:\/\/obscom.intervozes.org.br\/index.php?rest_route=\/wp\/v2\/posts\/18929\/revisions"}],"wp:attachment":[{"href":"https:\/\/obscom.intervozes.org.br\/index.php?rest_route=%2Fwp%2Fv2%2Fmedia&parent=18929"}],"wp:term":[{"taxonomy":"category","embeddable":true,"href":"https:\/\/obscom.intervozes.org.br\/index.php?rest_route=%2Fwp%2Fv2%2Fcategories&post=18929"},{"taxonomy":"post_tag","embeddable":true,"href":"https:\/\/obscom.intervozes.org.br\/index.php?rest_route=%2Fwp%2Fv2%2Ftags&post=18929"}],"curies":[{"name":"wp","href":"https:\/\/api.w.org\/{rel}","templated":true}]}}