{"id":18922,"date":"2007-08-09T13:19:02","date_gmt":"2007-08-09T13:19:02","guid":{"rendered":"https:\/\/obscom.intervozes.org.br\/wordpress\/?p=18922"},"modified":"2007-08-09T13:19:02","modified_gmt":"2007-08-09T13:19:02","slug":"necessidade-de-lei-geral-nao-e-mais-consenso-entre-empresarios","status":"publish","type":"post","link":"https:\/\/obscom.intervozes.org.br\/?p=18922","title":{"rendered":"Necessidade de Lei Geral n\u00e3o \u00e9 mais consenso entre empres\u00e1rios"},"content":{"rendered":"<p>Se h&aacute; alguns meses havia uma certa tend&ecirc;ncia sobre a necessidade da elabora&ccedil;&atilde;o de uma legisla&ccedil;&atilde;o ampla de comunica&ccedil;&atilde;o eletr&ocirc;nica (a chamada Lei de Comunica&ccedil;&atilde;o Social), hoje parece que os diferentes players do mercado t&ecirc;m posi&ccedil;&otilde;es diferentes. A mudan&ccedil;a de posi&ccedil;&atilde;o decorre de interesses imediatos.<\/p>\n<p>Para o presidente da Telef&ocirc;nica, Ant&ocirc;nio Valente, a Lei do Cabo de fato est&aacute; ultrapassada em rela&ccedil;&atilde;o ao que era em 1995, quando foi feita, e precisaria ser revisada. &quot;Acho que existe uma grande complexidade para se discutir uma lei de comunica&ccedil;&atilde;o ampla. Uma revis&atilde;o da Lei do Cabo deve ser feita, sem esperar uma lei geral&quot;. J&aacute; Francisco Valim, presidente da Net Servi&ccedil;os, diz que n&atilde;o h&aacute; a necessidade de mudar nenhuma lei. &quot;Antes de tudo, a lei precisa ser cumprida. N&atilde;o &eacute; porque ela &eacute; antiga que ela deve ser refeita. A CLT &eacute; da d&eacute;cada de 40 e continuamos cumprindo&quot;.<\/p>\n<p>Para Alberto Pecegueiro, presidente da Globosat, &eacute; preciso tomar cuidado para que uma mudan&ccedil;a no marco legal n&atilde;o jogue fora as conquistas da Lei do Cabo. &quot;Eu acompanhei a elabora&ccedil;&atilde;o da lei e foi um dos casos em que vimos o pleno exerc&iacute;cio da democracia, com a concilia&ccedil;&atilde;o de interesses absolutamente diferentes&quot;. <\/p>\n<p>Para o presidente da Oi, Luiz Eduardo Falco, o pa&iacute;s daria um grande passo se dividisse em suas regras a distribui&ccedil;&atilde;o e a produ&ccedil;&atilde;o de conte&uacute;dos. &quot;N&atilde;o vejo problema nenhum em colocar limites &agrave; produ&ccedil;&atilde;o de conte&uacute;dos. As regras nesse setor s&atilde;o importantes. Mas elas n&atilde;o podem se misturar com as regras de distribui&ccedil;&atilde;o&quot;, disse, dando tamb&eacute;m uma nova t&ocirc;nica, muito mais conciliat&oacute;ria em rela&ccedil;&atilde;o aos grupos de comunica&ccedil;&atilde;o brasileiros, que pedem regras para o conte&uacute;do. <\/p>\n<p>Os executivos participaram de debate durante a ABTA 2007, que acontece esta semana em S&atilde;o Paulo.<\/p>\n<p><img loading=\"lazy\" decoding=\"async\" src=\"images\/stories\/politica_publicacoes\/c_normal_pq.png\" alt=\"Active Image\" width=\"15\" height=\"15\" \/>&nbsp;Tela Viva<\/p>\n","protected":false},"excerpt":{"rendered":"<p>Se h&aacute; alguns meses havia uma certa tend&ecirc;ncia sobre a necessidade da elabora&ccedil;&atilde;o de uma legisla&ccedil;&atilde;o ampla de comunica&ccedil;&atilde;o eletr&ocirc;nica (a chamada Lei de Comunica&ccedil;&atilde;o Social), hoje parece que os diferentes players do mercado t&ecirc;m posi&ccedil;&otilde;es diferentes. A mudan&ccedil;a de posi&ccedil;&atilde;o decorre de interesses imediatos. Para o presidente da Telef&ocirc;nica, Ant&ocirc;nio Valente, a Lei do &hellip; <a href=\"https:\/\/obscom.intervozes.org.br\/?p=18922\" class=\"more-link\">Continue lendo <span class=\"screen-reader-text\">Necessidade de Lei Geral n\u00e3o \u00e9 mais consenso entre empres\u00e1rios<\/span> <span class=\"meta-nav\">&rarr;<\/span><\/a><\/p>\n","protected":false},"author":1,"featured_media":0,"comment_status":"open","ping_status":"open","sticky":false,"template":"","format":"standard","meta":{"footnotes":""},"categories":[40],"tags":[366],"_links":{"self":[{"href":"https:\/\/obscom.intervozes.org.br\/index.php?rest_route=\/wp\/v2\/posts\/18922"}],"collection":[{"href":"https:\/\/obscom.intervozes.org.br\/index.php?rest_route=\/wp\/v2\/posts"}],"about":[{"href":"https:\/\/obscom.intervozes.org.br\/index.php?rest_route=\/wp\/v2\/types\/post"}],"author":[{"embeddable":true,"href":"https:\/\/obscom.intervozes.org.br\/index.php?rest_route=\/wp\/v2\/users\/1"}],"replies":[{"embeddable":true,"href":"https:\/\/obscom.intervozes.org.br\/index.php?rest_route=%2Fwp%2Fv2%2Fcomments&post=18922"}],"version-history":[{"count":0,"href":"https:\/\/obscom.intervozes.org.br\/index.php?rest_route=\/wp\/v2\/posts\/18922\/revisions"}],"wp:attachment":[{"href":"https:\/\/obscom.intervozes.org.br\/index.php?rest_route=%2Fwp%2Fv2%2Fmedia&parent=18922"}],"wp:term":[{"taxonomy":"category","embeddable":true,"href":"https:\/\/obscom.intervozes.org.br\/index.php?rest_route=%2Fwp%2Fv2%2Fcategories&post=18922"},{"taxonomy":"post_tag","embeddable":true,"href":"https:\/\/obscom.intervozes.org.br\/index.php?rest_route=%2Fwp%2Fv2%2Ftags&post=18922"}],"curies":[{"name":"wp","href":"https:\/\/api.w.org\/{rel}","templated":true}]}}