{"id":18920,"date":"2007-08-08T18:34:44","date_gmt":"2007-08-08T18:34:44","guid":{"rendered":"https:\/\/obscom.intervozes.org.br\/wordpress\/?p=18920"},"modified":"2007-08-08T18:34:44","modified_gmt":"2007-08-08T18:34:44","slug":"instituto-pensarte-abre-inscricoes-para-a-terceira-edicao-do-curso-livre-cultura-e-mercado","status":"publish","type":"post","link":"https:\/\/obscom.intervozes.org.br\/?p=18920","title":{"rendered":"Instituto Pensarte abre inscri\u00e7\u00f5es para a terceira edi\u00e7\u00e3o do Curso Livre Cultura e Mercado"},"content":{"rendered":"\n<p>O Instituto Pensarte recebe at&eacute; 17 de agosto inscri&ccedil;&otilde;es para a terceira edi&ccedil;&atilde;o do Curso Livre Cultura e Mercado, que ser&aacute; realizado de 22 de agosto a 19 de dezembro, em S&atilde;o  Paulo. O curso &eacute; dividido em tr&ecirc;s eixos &ndash; cen&aacute;rio, conceito e pr&aacute;xis &ndash; e abordar&aacute; temas ligados &agrave; pr&aacute;tica cultural, ministrados por profissionais do setor. A primeira atividade ser&aacute; uma a aula magna &quot;Diversidade Cultural, Mesti&ccedil;agem, o Monstro&quot; no dia 15 de agosto, das 19h &agrave;s 22h. Ela ser&aacute; ministrada pelo cientista pol&iacute;tico e Doutor em Hist&oacute;ria  Social pela Universidade de Paris I, Giuseppe Cocco. <\/p>\n<p>O Coordenador de Cultura Digital do Minist&eacute;rio da Cultura, Cl&aacute;udio Prado, o curador do Curso Livre Cultura e Mercado e o Professor de Economia da Cultura da Universidade C&acirc;ndido Mendes, S&eacute;rgio S&aacute; Leit&atilde;o, est&atilde;o entre os profissionais que ministrar&atilde;o as aulas.<\/p>\n<p style=\"text-align: justify\" class=\"MsoNormal\">Mais informa&ccedil;&otilde;es pelo telefone (11) 3667-9859, <a href=\"mailto:cursos@pensarte.org.br\">cursos@pensarte.org.br<\/a>, ou ainda pelos sites <a href=\"http:\/\/www.pensarte.org.br\/\">www.pensarte.org.br<\/a>, <a href=\"http:\/\/www.culturaemercado.com.br\/\">www.culturaemercado.com.br<\/a>. <\/p>\n","protected":false},"excerpt":{"rendered":"<p>O Instituto Pensarte recebe at&eacute; 17 de agosto inscri&ccedil;&otilde;es para a terceira edi&ccedil;&atilde;o do Curso Livre Cultura e Mercado, que ser&aacute; realizado de 22 de agosto a 19 de dezembro, em S&atilde;o Paulo. O curso &eacute; dividido em tr&ecirc;s eixos &ndash; cen&aacute;rio, conceito e pr&aacute;xis &ndash; e abordar&aacute; temas ligados &agrave; pr&aacute;tica cultural, ministrados por &hellip; <a href=\"https:\/\/obscom.intervozes.org.br\/?p=18920\" class=\"more-link\">Continue lendo <span class=\"screen-reader-text\">Instituto Pensarte abre inscri\u00e7\u00f5es para a terceira edi\u00e7\u00e3o do Curso Livre Cultura e Mercado<\/span> <span class=\"meta-nav\">&rarr;<\/span><\/a><\/p>\n","protected":false},"author":1,"featured_media":0,"comment_status":"open","ping_status":"open","sticky":false,"template":"","format":"standard","meta":{"footnotes":""},"categories":[39],"tags":[],"_links":{"self":[{"href":"https:\/\/obscom.intervozes.org.br\/index.php?rest_route=\/wp\/v2\/posts\/18920"}],"collection":[{"href":"https:\/\/obscom.intervozes.org.br\/index.php?rest_route=\/wp\/v2\/posts"}],"about":[{"href":"https:\/\/obscom.intervozes.org.br\/index.php?rest_route=\/wp\/v2\/types\/post"}],"author":[{"embeddable":true,"href":"https:\/\/obscom.intervozes.org.br\/index.php?rest_route=\/wp\/v2\/users\/1"}],"replies":[{"embeddable":true,"href":"https:\/\/obscom.intervozes.org.br\/index.php?rest_route=%2Fwp%2Fv2%2Fcomments&post=18920"}],"version-history":[{"count":0,"href":"https:\/\/obscom.intervozes.org.br\/index.php?rest_route=\/wp\/v2\/posts\/18920\/revisions"}],"wp:attachment":[{"href":"https:\/\/obscom.intervozes.org.br\/index.php?rest_route=%2Fwp%2Fv2%2Fmedia&parent=18920"}],"wp:term":[{"taxonomy":"category","embeddable":true,"href":"https:\/\/obscom.intervozes.org.br\/index.php?rest_route=%2Fwp%2Fv2%2Fcategories&post=18920"},{"taxonomy":"post_tag","embeddable":true,"href":"https:\/\/obscom.intervozes.org.br\/index.php?rest_route=%2Fwp%2Fv2%2Ftags&post=18920"}],"curies":[{"name":"wp","href":"https:\/\/api.w.org\/{rel}","templated":true}]}}