{"id":18912,"date":"2007-08-07T20:51:15","date_gmt":"2007-08-07T20:51:15","guid":{"rendered":"https:\/\/obscom.intervozes.org.br\/wordpress\/?p=18912"},"modified":"2007-08-07T20:51:15","modified_gmt":"2007-08-07T20:51:15","slug":"mulheres-querem-instrumentos-de-controle-social-da-midia","status":"publish","type":"post","link":"https:\/\/obscom.intervozes.org.br\/?p=18912","title":{"rendered":"Mulheres querem instrumentos de controle social da m\u00eddia"},"content":{"rendered":"<p><span>J&aacute; &eacute; conhecido pelas mulheres o hist&oacute;rico de exclus&atilde;o, sub-representa&ccedil;&atilde;o e viola&ccedil;&atilde;o de direitos pela m&iacute;dia, bem como a contribui&ccedil;&atilde;o disso para a perpetua&ccedil;&atilde;o das opress&otilde;es de g&ecirc;nero. Da constata&ccedil;&atilde;o agora elas passaram &agrave; a&ccedil;&atilde;o, com a uni&atilde;o de organiza&ccedil;&otilde;es da sociedade civil, movimentos e lideran&ccedil;as feministas para dar in&iacute;cio a uma s&eacute;rie de iniciativas de controle p&uacute;blico da m&iacute;dia. <\/p>\n<p><\/span><span>Importante passo para isso foi a realiza&ccedil;&atilde;o no dia 6 do Semin&aacute;rio a Imagem da Mulher na M&iacute;dia, ocorrido na sede nacional da CUT em S&atilde;o Paulo. O semin&aacute;rio reuniu cerca de 80 lideran&ccedil;as feministas para discutir a representa&ccedil;&atilde;o da mulher na m&iacute;dia e as possibilidades <\/span><span>de a&ccedil;&atilde;o de controle p&uacute;blico da comunica&ccedil;&atilde;o. No evento, as organiza&ccedil;&otilde;es feministas lembraram que, para al&eacute;m das iniciativas pontuais de questionamento sobre o conte&uacute;do sexista veiculado em emissoras, &eacute; preciso debater de maneira mais profunda mudan&ccedil;as no sistema de comunica&ccedil;&atilde;o brasileiro.<\/p>\n<p><\/span><span>&quot;Precisamos discutir as viola&ccedil;&otilde;es dos nossos direitos na m&iacute;dia, mas tamb&eacute;m a TV p&uacute;blica que est&aacute; sendo criada no Brasil, as concess&otilde;es p&uacute;blicas e participar do processo de constru&ccedil;&atilde;o de uma confer&ecirc;ncia nacional de comunica&ccedil;&otilde;es&quot;, resumiu Rachel Moreno, do <\/span><span>Observat&oacute;rio da Mulher. Para isso, acrescenta, &eacute; fundamental que as entidades feministas pensem poss&iacute;veis sinergias com aquelas organiza&ccedil;&otilde;es envolvidas na luta pelo direito &agrave; comunica&ccedil;&atilde;o. A representante do Observat&oacute;rio da Mulher apresentou &agrave;s presentes o ca&oacute;tico quadro sobre representa&ccedil;&atilde;o na mulher na m&iacute;dia e os motivos pelos quais elas precisam intervir neste cen&aacute;rio. <\/p>\n<p><\/span><span>A import&acirc;ncia da discuss&atilde;o foi destacada pelo presidente nacional da CUT, Artur Henrique dos Santos. &nbsp;&quot;&Eacute; louv&aacute;vel esta iniciativa, pois mostra a necessidade de mudarmos esta situa&ccedil;&atilde;o. Caso contr&aacute;rio, a m&iacute;dia seguir&aacute; contribuindo para a perpetua&ccedil;&atilde;o do quadro hist&oacute;rico de opress&atilde;o das mulheres&quot;.<\/p>\n<p><\/span><span>No encontro, as lideran&ccedil;as feministas e as presentes cobraram de representantes da Secretaria de Comunica&ccedil;&atilde;o Social e da Secretaria Especial de Pol&iacute;ticas para as Mulheres mecanismos e pol&iacute;ticas que permitam &agrave;s mulheres intervir nesta realidade. A ministra Matilde Ribeiro, da Secretaria Especial de promo&ccedil;&atilde;o de Pol&iacute;ticas de Igualdade Racial (Seppir), tamb&eacute;m se comprometeu, como integrante do governo e representante de uma das classes mais vitimizadas pelo preconceito na televis&atilde;o &#8211; a mulher negra -, a encaminhar o debate junto ao governo Lula.<\/p>\n<p><\/span><span>&quot;&Eacute; preciso extrapolar a id&eacute;ia de liberdade de express&atilde;o e direito &agrave; informa&ccedil;&atilde;o e exigir o direito &agrave; comunica&ccedil;&atilde;o das mulheres. O direito de ter voz e espa&ccedil;o e de n&atilde;o ser julgada pelos meios de comunica&ccedil;&atilde;o e al&eacute;m disso, o direito de fazer comunica&ccedil;&atilde;o e de participar de espa&ccedil;os de tomada de decis&atilde;o pol&iacute;tica das comunica&ccedil;&otilde;es, que &eacute; central para a mudan&ccedil;a de modelo&quot;, afirma Michelle Prazeres, integrante do Intervozes.<\/p>\n<p><\/span><span>Rosane Bertotti, secret&aacute;ria de Comunica&ccedil;&atilde;o da CUT, afirmou que &eacute; preciso sair da in&eacute;rcia diante deste quadro. &quot;N&atilde;o podemos mais deixar as concess&otilde;es ficarem nas m&atilde;os de pol&iacute;ticos, n&atilde;o podemos deixar o processo de renova&ccedil;&atilde;o ser feito de forma t&atilde;o pouco transparente, n&atilde;o podemos deixar a comunica&ccedil;&atilde;o sem uma confer&ecirc;ncia e n&atilde;o podemos deixar que a TV p&uacute;blica seja gerida por um conselho de not&aacute;veis. As mulheres <\/span><span>trabalhadoras n&atilde;o s&atilde;o not&aacute;veis e certamente n&atilde;o estar&atilde;o neste conselho&quot;, ironizou.<\/p>\n<p><\/span><span>&quot;A sociedade civil precisa reivindicar a participa&ccedil;&atilde;o neste espa&ccedil;os, pressionar o governo, exigir desde j&aacute; que sejam levadas em conta todas estas quest&otilde;es no debate da gest&atilde;o e programa&ccedil;&atilde;o da TV P&uacute;blica. Do contr&aacute;rio, ser&aacute; preterida&quot;, afirmou o professor da USP, Laurindo Leal Filho, o Lalo, que esteve presente no semin&aacute;rio como representante do Grupo de Trabalho da Secretaria de Comunica&ccedil;&atilde;o Social que est&aacute; analisando as possibilidades de gest&atilde;o, financiamento e forma&ccedil;&atilde;o de rede para a TV p&uacute;blica.<\/p>\n<p><\/span><span>Ao final do semin&aacute;rio, as mulheres presentes discutiram a inser&ccedil;&atilde;o do tema da comunica&ccedil;&atilde;o na Confer&ecirc;ncia Nacional de Pol&iacute;ticas para as Mulheres, que ser&aacute; realizada este m&ecirc;s em Bras&iacute;lia. Outro resultado do encontro foi a amplia&ccedil;&atilde;o da Articula&ccedil;&atilde;o Mulher e M&iacute;dia, promotora do evento e iniciativa que pretende dar continuidade &agrave;s a&ccedil;&otilde;es debatidas na atividade.<\/p>\n<p><font size=\"3\"><img loading=\"lazy\" decoding=\"async\" src=\"images\/stories\/politica_publicacoes\/c_invertido_pq.png\" alt=\"Active Image\" width=\"15\" height=\"15\" \/><\/font><\/span><\/p>\n","protected":false},"excerpt":{"rendered":"<p>Em semin\u00e1rio realizado na sede da CUT em S\u00e3o Paulo, movimento feminista critica representa\u00e7\u00e3o das mulheres na m\u00eddia e cobra protagonismo nas defini\u00e7\u00f5es das pol\u00edticas sobre comunica\u00e7\u00e3o, como no caso da TV p\u00fablica e da Confer\u00eancia Nacional de Comunica\u00e7\u00f5es.<\/p>\n","protected":false},"author":1,"featured_media":0,"comment_status":"open","ping_status":"open","sticky":false,"template":"","format":"standard","meta":{"footnotes":""},"categories":[40],"tags":[291],"_links":{"self":[{"href":"https:\/\/obscom.intervozes.org.br\/index.php?rest_route=\/wp\/v2\/posts\/18912"}],"collection":[{"href":"https:\/\/obscom.intervozes.org.br\/index.php?rest_route=\/wp\/v2\/posts"}],"about":[{"href":"https:\/\/obscom.intervozes.org.br\/index.php?rest_route=\/wp\/v2\/types\/post"}],"author":[{"embeddable":true,"href":"https:\/\/obscom.intervozes.org.br\/index.php?rest_route=\/wp\/v2\/users\/1"}],"replies":[{"embeddable":true,"href":"https:\/\/obscom.intervozes.org.br\/index.php?rest_route=%2Fwp%2Fv2%2Fcomments&post=18912"}],"version-history":[{"count":0,"href":"https:\/\/obscom.intervozes.org.br\/index.php?rest_route=\/wp\/v2\/posts\/18912\/revisions"}],"wp:attachment":[{"href":"https:\/\/obscom.intervozes.org.br\/index.php?rest_route=%2Fwp%2Fv2%2Fmedia&parent=18912"}],"wp:term":[{"taxonomy":"category","embeddable":true,"href":"https:\/\/obscom.intervozes.org.br\/index.php?rest_route=%2Fwp%2Fv2%2Fcategories&post=18912"},{"taxonomy":"post_tag","embeddable":true,"href":"https:\/\/obscom.intervozes.org.br\/index.php?rest_route=%2Fwp%2Fv2%2Ftags&post=18912"}],"curies":[{"name":"wp","href":"https:\/\/api.w.org\/{rel}","templated":true}]}}