{"id":18901,"date":"2007-08-06T18:40:13","date_gmt":"2007-08-06T18:40:13","guid":{"rendered":"https:\/\/obscom.intervozes.org.br\/wordpress\/?p=18901"},"modified":"2007-08-06T18:40:13","modified_gmt":"2007-08-06T18:40:13","slug":"fndc-reivindica-respeito-aos-principios-da-carta-de-brasilia","status":"publish","type":"post","link":"https:\/\/obscom.intervozes.org.br\/?p=18901","title":{"rendered":"FNDC reivindica respeito aos princ\u00edpios da Carta de Bras\u00edlia"},"content":{"rendered":"<p>Entidades da democratiza&ccedil;&atilde;o da comunica&ccedil;&atilde;o v&ecirc;em diferen&ccedil;as entre o que foi a exposto pela Casa Civil e os fundamentos defendidos pelos participantes do F&oacute;rum de TVs P&uacute;blicas, realizado em maio deste ano, principalmente em rela&ccedil;&atilde;o &agrave; gest&atilde;o. A confus&atilde;o se instala &agrave; medida que o governo n&atilde;o expressa exatamente um projeto com datas e objetivos claros, na opini&atilde;o de Berenice Mendes, cineasta e integrante da Coordena&ccedil;&atilde;o Executiva do F&oacute;rum Nacional pela Democratiza&ccedil;&atilde;o da Comunica&ccedil;&atilde;o (FNDC). &ldquo;O que parece que se est&aacute; efetivamente criando &eacute; uma TV estatal com car&aacute;ter p&uacute;blico, que pode vir a ser o embri&atilde;o tanto de uma rede p&uacute;blica de televis&atilde;o brasileira quanto de um sistema p&uacute;blico de televis&atilde;o.&rdquo;<\/p>\n<p>Convocado pelo Minist&eacute;rio da Cultura, o F&oacute;rum de TVs P&uacute;blicas teve a participa&ccedil;&atilde;o de agentes de v&aacute;rias &aacute;reas do governo, dirigentes de TVs p&uacute;blicas, produtores independentes e entidades da sociedade civil que se preocupam com a quest&atilde;o, como lembra a cineasta. &ldquo;Foi um projeto constru&iacute;do ao longo de meses, que culminou com o evento que gerou a Carta de Bras&iacute;lia&rdquo;. <\/p>\n<p>Os pontos principais contemplados por esse documento defendem como prioridade a autonomia da TV p&uacute;blica tanto em rela&ccedil;&atilde;o ao governo, quanto em rela&ccedil;&atilde;o ao mercado. Conforme Berenice, a Carta defende a necessidade de financiamento por fontes m&uacute;ltiplas e gest&atilde;o por um &oacute;rg&atilde;o colegiado, representativo da sociedade. &ldquo;O governo pode se perder nesse processo. Parece estar abrindo m&atilde;o de buscar uma solu&ccedil;&atilde;o que efetivamente contemple os princ&iacute;pios estabelecidos no F&oacute;rum de TVs P&uacute;blicas&rdquo;, avalia Berenice. <\/p>\n<p>O pr&oacute;prio t&iacute;tulo da carta ressalta a import&acirc;ncia da democracia e da independ&ecirc;ncia desse sistema p&uacute;blico &ndash; diferindo completamente da proposta apresentada agora pela Casa Civil &ndash; pontua o jornalista Ant&ocirc;nio Diniz, da Associa&ccedil;&atilde;o Mundial de R&aacute;dios Comunit&aacute;rias (AMARC). &ldquo;A Carta de Bras&iacute;lia deixa claro que a gest&atilde;o deve ser constitu&iacute;da por uma maioria de membros da sociedade civil. Al&eacute;m disso, detalha que &eacute; preciso uma programa&ccedil;&atilde;o regional, plural e que atenda aos diferentes segmentos que comp&otilde;em o Brasil.&rdquo; <\/p>\n<p>Para Diniz, o modelo apontado pela Casa Civil invalida todo o debate e trabalho realizado durante o F&oacute;rum de TVs P&uacute;blicas, al&eacute;m de ser anacr&ocirc;nico o fato de um sistema de comunica&ccedil;&atilde;o p&uacute;blico ter uma ger&ecirc;ncia governamental. <\/p>\n<p>A defesa de uma gest&atilde;o representativa &eacute; de suma import&acirc;ncia agora, conforme Jo&atilde;o Brant, do Coletivo Intervozes. &ldquo;A forma&ccedil;&atilde;o indicada pelo governo d&aacute; margem para que qualquer governo indique aqueles de sua prefer&ecirc;ncia e a TV p&uacute;blica assim pode cair nas m&atilde;os dos interesses do governo&rdquo;, afirma Brant.<\/p>\n<p>De acordo com Diniz, n&atilde;o &eacute; poss&iacute;vel pensar em separado a gest&atilde;o da TV e do r&aacute;dio, mas sim a composi&ccedil;&atilde;o de um sistema p&uacute;blico mais amplo e cuja miss&atilde;o ficar&aacute; sob a responsabilidade desse Conselho Gestor. &ldquo;A Casa Civil quer criar um conselho de &lsquo;not&aacute;veis&rsquo; indicados pelo pr&oacute;prio governo, descaracterizando o car&aacute;ter p&uacute;blico e tornando a iniciativa estatal. A sociedade civil precisa estar presente de maneira ampla e diversificada dentro do conselho gestor de um sistema de comunica&ccedil;&atilde;o verdadeiramente p&uacute;blico&rdquo;, afirma o jornalista.<\/p>\n<p>A AMARC defende que o papel social desempenhado por r&aacute;dios e TVs comunit&aacute;rias n&atilde;o pode ser negligenciado em um projeto dessa magnitude. &ldquo;&Eacute; preciso uma participa&ccedil;&atilde;o pr&oacute;-ativa na gest&atilde;o e programa&ccedil;&atilde;o, inclusive para fortalecer a comunica&ccedil;&atilde;o comunit&aacute;ria&rdquo;, afirma Diniz, que tamb&eacute;m esteve presente na reuni&atilde;o com Delcimar Pires, assessor de Franklin Martins, da Secretaria de Comunica&ccedil;&atilde;o, realizada no &uacute;ltimo m&ecirc;s. <\/p>\n<p>O prazo previsto no decreto de cria&ccedil;&atilde;o da TV p&uacute;blica expirou no dia 28 de julho. A cria&ccedil;&atilde;o jur&iacute;dica da TV p&uacute;blica permanece marcada para o presente m&ecirc;s e o in&iacute;cio da transmiss&atilde;o da nova programa&ccedil;&atilde;o da rede p&uacute;blica de televis&atilde;o para 2 de dezembro.<\/p>\n<p><img loading=\"lazy\" decoding=\"async\" src=\"images\/stories\/politica_publicacoes\/c_invertido_pq.png\" alt=\"Active Image\" width=\"15\" height=\"15\" \/><\/p>\n","protected":false},"excerpt":{"rendered":"<p>Prorroga\u00e7\u00e3o do prazo de entrega do relat\u00f3rio final sobre a cria\u00e7\u00e3o da TV p\u00fablica para 27 de setembro n\u00e3o alivia preocupa\u00e7\u00e3o de entidades que lutam pela democratiza\u00e7\u00e3o da comunica\u00e7\u00e3o com o modelo de gest\u00e3o proposto pelo governo federal para a TV Brasil.<\/p>\n","protected":false},"author":1,"featured_media":0,"comment_status":"open","ping_status":"open","sticky":false,"template":"","format":"standard","meta":{"footnotes":""},"categories":[40],"tags":[259],"_links":{"self":[{"href":"https:\/\/obscom.intervozes.org.br\/index.php?rest_route=\/wp\/v2\/posts\/18901"}],"collection":[{"href":"https:\/\/obscom.intervozes.org.br\/index.php?rest_route=\/wp\/v2\/posts"}],"about":[{"href":"https:\/\/obscom.intervozes.org.br\/index.php?rest_route=\/wp\/v2\/types\/post"}],"author":[{"embeddable":true,"href":"https:\/\/obscom.intervozes.org.br\/index.php?rest_route=\/wp\/v2\/users\/1"}],"replies":[{"embeddable":true,"href":"https:\/\/obscom.intervozes.org.br\/index.php?rest_route=%2Fwp%2Fv2%2Fcomments&post=18901"}],"version-history":[{"count":0,"href":"https:\/\/obscom.intervozes.org.br\/index.php?rest_route=\/wp\/v2\/posts\/18901\/revisions"}],"wp:attachment":[{"href":"https:\/\/obscom.intervozes.org.br\/index.php?rest_route=%2Fwp%2Fv2%2Fmedia&parent=18901"}],"wp:term":[{"taxonomy":"category","embeddable":true,"href":"https:\/\/obscom.intervozes.org.br\/index.php?rest_route=%2Fwp%2Fv2%2Fcategories&post=18901"},{"taxonomy":"post_tag","embeddable":true,"href":"https:\/\/obscom.intervozes.org.br\/index.php?rest_route=%2Fwp%2Fv2%2Ftags&post=18901"}],"curies":[{"name":"wp","href":"https:\/\/api.w.org\/{rel}","templated":true}]}}