{"id":18888,"date":"2007-08-03T13:24:04","date_gmt":"2007-08-03T13:24:04","guid":{"rendered":"https:\/\/obscom.intervozes.org.br\/wordpress\/?p=18888"},"modified":"2014-09-07T02:53:36","modified_gmt":"2014-09-07T02:53:36","slug":"formacao-da-rede-gera-polemica-com-tvs-do-campo-publico","status":"publish","type":"post","link":"https:\/\/obscom.intervozes.org.br\/?p=18888","title":{"rendered":"Forma\u00e7\u00e3o da rede gera pol\u00eamica com TVs do &#8216;campo p\u00fablico&#8217;"},"content":{"rendered":"<p style=\"margin: 0cm 0cm 0pt\" class=\"MsoNormal\"><span>Ap&oacute;s a realiza&ccedil;&atilde;o do I F&oacute;rum de TVs P&uacute;blicas, no campo das pol&iacute;ticas p&uacute;blicas de comunica&ccedil;&atilde;o, o governo federal tem se concentrado na forma&ccedil;&atilde;o da TV Brasil. Pelo menos &eacute; esse o sentimento das associa&ccedil;&otilde;es de TVs educativas, comunit&aacute;rias, universit&aacute;rias e legislativas que estiveram presentes &agrave; reuni&atilde;o com representantes do Executivo no final de julho. Apesar de existirem diferen&ccedil;as relevantes nas avalia&ccedil;&otilde;es feitas por seus representantes, parece haver consenso de que outras quest&otilde;es de interesse do chamado &ldquo;campo p&uacute;blico&rdquo; de televis&atilde;o, como a possibilidade de passarem a integrar a chamada televis&atilde;o aberta com a implanta&ccedil;&atilde;o da TV digital, devem mesmo ficar para um outro momento, podendo, inclusive, n&atilde;o se concretizar.&nbsp;<\/p>\n<p><\/span><span>A reuni&atilde;o aconteceu dois meses depois do I F&oacute;rum de TVs P&uacute;blicas e foi o primeiro momento de discuss&atilde;o institucional entre representantes do governo e as entidades que comp&otilde;em o campo p&uacute;blico. Desde a realiza&ccedil;&atilde;o do F&oacute;rum, quando o ministro Franklin Martins evitou um posicionamento a respeito dos outros desafios colocados para os setores do campo, n&atilde;o h&aacute; novidades que n&atilde;o estejam diretamente relacionadas &agrave; TV Brasil.<\/p>\n<p><\/span><span>A maior decep&ccedil;&atilde;o da ABTU &ndash; Associa&ccedil;&atilde;o Brasileira de Televis&atilde;o Universit&aacute;ria, por exemplo, foi a aus&ecirc;ncia de discuss&atilde;o sobre a quest&atilde;o da digitaliza&ccedil;&atilde;o destas emissoras, o que parece n&atilde;o estar no cronograma do governo. Fernando M&aacute;rio Trezza, presidente da ABCCOM &ndash; Associa&ccedil;&atilde;o Brasileira de Canais Comunit&aacute;rios, compartilha da mesma preocupa&ccedil;&atilde;o. &ldquo;Nossa avalia&ccedil;&atilde;o &eacute; positiva pela discuss&atilde;o em si, mas, infelizmente, o debate ficou muito centrado na TV Brasil. Gostar&iacute;amos de avan&ccedil;ar tamb&eacute;m para a discuss&atilde;o da TV digital aberta, no sentido de que os canais que hoje atuam apenas na TV a cabo possam encontrar uma maneira de ocupar o espectro aberto com o advento da TV digital, mas n&atilde;o houve espa&ccedil;o para esse debate&rdquo;. <\/p>\n<p><\/span><span>Segundo Eduardo Castro, assessor do ministro Franklin Martins, a reuni&atilde;o tinha como pauta espec&iacute;fica a TV p&uacute;blica nacional, o que n&atilde;o quer dizer, segundo ele, que outras demandas importantes n&atilde;o ser&atilde;o contempladas. &ldquo;Esta reuni&atilde;o foi desenhada para tratar especificamente do relacionamento delas [emissoras do campo p&uacute;blico] com a TV Brasil. Nesta semana, o ministro Franklin Martins esteve com o ministro da Educa&ccedil;&atilde;o, Fernando Haddad, e com as universidades p&uacute;blicas federais, falando da situa&ccedil;&atilde;o das TVs universit&aacute;rias. Passos seguintes est&atilde;o em estudo&rdquo;. Para Trezza, das comunit&aacute;rias, a Carta de Bras&iacute;lia &eacute; uma garantia de que estes temas ser&atilde;o tratados. &ldquo;O governo vai ter que debater essas quest&otilde;es porque ele se comprometeu publicamente no F&oacute;rum de TVs P&uacute;blicas&rdquo;, afirma o dirigente.<\/p>\n<p><\/span><span><strong>Rede P&uacute;blica<\/p>\n<p><\/strong><\/span><span>Sobre a forma&ccedil;&atilde;o da TV Brasil e a possibilidade de constitui&ccedil;&atilde;o da rede p&uacute;blica nacional, j&aacute; existem algumas indica&ccedil;&otilde;es do governo, sobretudo em rela&ccedil;&atilde;o &agrave; composi&ccedil;&atilde;o da programa&ccedil;&atilde;o. Recentemente, em entrevista &agrave; Ag&ecirc;ncia Carta Maior, o presidente da Radiobr&aacute;s, Jos&eacute; Roberto Garcez, afirmou que o papel da TV Brasil seria essencialmente editorial, constituindo uma grade nacionalizada de 10 horas. A d&uacute;vida sobre se esse per&iacute;odo seria composto exclusivamente pela produ&ccedil;&atilde;o da TV Brasil ou se haveria a possibilidade de que programas locais fossem nacionalizados &eacute; esclarecida por Eduardo Castro. &ldquo;A programa&ccedil;&atilde;o da TV Brasil ser&aacute; discutida em um Comit&ecirc; de Programa&ccedil;&atilde;o, do qual far&atilde;o parte as emissoras que se integrarem &agrave; rede p&uacute;blica. Este comit&ecirc; &eacute; que vai definir hor&aacute;rios, programas e grade. Entretanto, neste momento inicial, partimos de uma id&eacute;ia b&aacute;sica de 10 horas (o que pode ser alterado), sendo que esse conte&uacute;do n&atilde;o ser&aacute; exclusivamente produzido pela TV Brasil. Ali&aacute;s, &eacute; nosso desejo que, nas faixas nacionais, haja muito material&nbsp; produzido em v&aacute;rios pontos do pa&iacute;s&rdquo;.<\/p>\n<p><\/span><span>O presidente da Abepec &#8211; Associa&ccedil;&atilde;o Brasileira de Emissoras P&uacute;blicas, Educativas e Culturais, Ant&ocirc;nio Achillis j&aacute; havia demonstrado preocupa&ccedil;&atilde;o com um poss&iacute;vel engessamento da programa&ccedil;&atilde;o, o que afetaria principalmente grandes emissoras p&uacute;blicas, como a TV Cultura de S&atilde;o Paulo e a Rede Minas, que j&aacute; produzem algo em torno de 10 horas de programa&ccedil;&atilde;o pr&oacute;pria. Para Jorge da Cunha Lima, presidente do Conselho Curador da Funda&ccedil;&atilde;o Padre Anchieta e ex-presidente da Abepec, ainda h&aacute; a expectativa de di&aacute;logo. &ldquo;At&eacute; agora, o governo garantiu que a rede p&uacute;blica vai seguir os crit&eacute;rios colocados no F&oacute;rum de TVs P&uacute;blicas. Por enquanto, ficamos incumbidos de fazer uma proposta que deve estar pronta em breve. O que &eacute; poss&iacute;vel adiantar &eacute; que somos favor&aacute;veis a uma grade por faixas tem&aacute;ticas (infantil, programas jornal&iacute;sticos etc.) de acordo com determinados hor&aacute;rios&rdquo;. Ou seja, segundo a proposta da Abepec, a emissora poderia escolher entre reproduzir um programa da grade nacional ou uma produ&ccedil;&atilde;o local, desde que respeitando a faixa tem&aacute;tica.<\/p>\n<p><\/span><span>Na proposta do governo, al&eacute;m das dez horas de programa&ccedil;&atilde;o nacional, as TVs dispostas a integrar a rede p&uacute;blica nacional dever&atilde;o ainda veicular mais quatro horas de programa&ccedil;&atilde;o local e outras quatro de programa&ccedil;&atilde;o independente. Eduardo Castro, da Secom, afirma que haver&aacute; incentivos por parte do governo para a produ&ccedil;&atilde;o independente, mas que as TVs locais tamb&eacute;m poder&atilde;o assumir a tarefa. &ldquo;A TV Brasil vai organizar um processo de contrata&ccedil;&atilde;o de programas independentes, com editais, em formato que est&aacute; sendo definido. Ela vai pagar pela realiza&ccedil;&atilde;o dos projetos, que ser&atilde;o difundidos nacionalmente. Mas nada impede que as emissoras locais tenham seus pr&oacute;prios mecanismos para chegar ao mesmo fim&rdquo;.<\/p>\n<p><\/span><span>Outra <\/span><span>preocupa&ccedil;&atilde;o presente entre as entidades que comp&otilde;e o campo p&uacute;blico, sobretudo as universit&aacute;rias, comunit&aacute;rias e legislativas, &eacute; a de que o governo as veria apenas de maneira instrumental, e n&atilde;o como parceiras na forma&ccedil;&atilde;o da rede p&uacute;blica. A id&eacute;ia de ser tornarem nada mais do que provedoras ou repetidoras de programa&ccedil;&atilde;o tem gerado forte descontentamento e pode, inclusive, for&ccedil;ar alguns setores a reconsiderar o apoio dado ao governo at&eacute; agora nesta quest&atilde;o.<\/p>\n<p><\/span><span><strong>Ades&atilde;o das TVs<\/p>\n<p><\/strong><\/span><span>A possibilidade de que grandes emissoras p&uacute;blicas n&atilde;o venham a integrar a rede por quest&otilde;es pol&iacute;ticas relacionadas aos governos locais por enquanto tamb&eacute;m n&atilde;o foi aprofundada. Por exemplo, ainda &eacute; confusa a id&eacute;ia de que uma TV possa aderir &agrave; rede sem, necessariamente, adequar sua programa&ccedil;&atilde;o e, mesmo assim, participar do Comit&ecirc; de Programa&ccedil;&atilde;o.<\/p>\n<p><\/span><span>No entanto, o que causa maior estranheza &eacute; o governo reivindicar a Carta de Bras&iacute;lia na exig&ecirc;ncia de modelos &ldquo;p&uacute;blicos&rdquo; de gest&atilde;o das emissoras locais e ao mesmo tempo querer indicar os membros tanto do conselho gestor quanto da diretoria executiva <a href=\"http:\/\/localhost\/intervozes_direitoacomunicacao\/wordpress\/?p=18809\">(ver mat&eacute;ria)<\/a>. Segundo Castro, &ldquo;para ser integrante pleno da rede (fazendo, por exemplo, parte do Comit&ecirc; de Programa&ccedil;&atilde;o e beneficiando-se de programas de reaparelhamento para migra&ccedil;&atilde;o digital), a emissora estadual precisa adotar um modelo p&uacute;blico de gest&atilde;o, tal qual proposto pela Carta de Bras&iacute;lia. Aquelas que n&atilde;o se dispuserem a dar esse passo, podem associar-se &agrave; rede na programa&ccedil;&atilde;o (fazendo parte do Comit&ecirc;, inclusive) ou apenas sendo parceira, tendo acesso aos programas&rdquo;.<\/p>\n<p><\/span><span>De qualquer forma, h&aacute; pelo menos a promessa de que, mesmo que n&atilde;o haja ades&atilde;o de algumas TVs locais, a TV Brasil fique dispon&iacute;vel para aqueles que n&atilde;o ter&atilde;o acesso imediato &agrave; TV digital. &ldquo;A TV Brasil larga com canais anal&oacute;gicos no Rio, Bras&iacute;lia, S&atilde;o Paulo e S&atilde;o Luis do Maranh&atilde;o. S&atilde;o emissoras que hoje s&atilde;o da Radiobr&aacute;s e da TVE. Em S&atilde;o Paulo, tamb&eacute;m teremos canal digital, atendendo &agrave; legisla&ccedil;&atilde;o. Nossa expectativa &eacute; que muitas emissoras precisem passar por discuss&otilde;es internas antes de aderirem &agrave; TV Brasil. O processo ser&aacute; gradual&rdquo;, afirma Eduardo Castro.<\/p>\n<p><img loading=\"lazy\" decoding=\"async\" src=\"images\/stories\/politica_publicacoes\/c_invertido_pq.png\" alt=\"Active Image\" width=\"15\" height=\"15\" \/><\/span><\/p>\n","protected":false},"excerpt":{"rendered":"<p>Enquanto o governo se concetra na forma\u00e7\u00e3o da TV Brasil, entre as organiza\u00e7\u00f5es das emissoras do &#8216;campo p\u00fablico&#8217; parece haver consenso de que a possibilidade destas emissoras passarem para a televis\u00e3o aberta com a implanta\u00e7\u00e3o da TV digital pode n\u00e3o se concretizar.<\/p>\n","protected":false},"author":1,"featured_media":0,"comment_status":"open","ping_status":"open","sticky":false,"template":"","format":"standard","meta":{"footnotes":""},"categories":[40],"tags":[259],"_links":{"self":[{"href":"https:\/\/obscom.intervozes.org.br\/index.php?rest_route=\/wp\/v2\/posts\/18888"}],"collection":[{"href":"https:\/\/obscom.intervozes.org.br\/index.php?rest_route=\/wp\/v2\/posts"}],"about":[{"href":"https:\/\/obscom.intervozes.org.br\/index.php?rest_route=\/wp\/v2\/types\/post"}],"author":[{"embeddable":true,"href":"https:\/\/obscom.intervozes.org.br\/index.php?rest_route=\/wp\/v2\/users\/1"}],"replies":[{"embeddable":true,"href":"https:\/\/obscom.intervozes.org.br\/index.php?rest_route=%2Fwp%2Fv2%2Fcomments&post=18888"}],"version-history":[{"count":1,"href":"https:\/\/obscom.intervozes.org.br\/index.php?rest_route=\/wp\/v2\/posts\/18888\/revisions"}],"predecessor-version":[{"id":27747,"href":"https:\/\/obscom.intervozes.org.br\/index.php?rest_route=\/wp\/v2\/posts\/18888\/revisions\/27747"}],"wp:attachment":[{"href":"https:\/\/obscom.intervozes.org.br\/index.php?rest_route=%2Fwp%2Fv2%2Fmedia&parent=18888"}],"wp:term":[{"taxonomy":"category","embeddable":true,"href":"https:\/\/obscom.intervozes.org.br\/index.php?rest_route=%2Fwp%2Fv2%2Fcategories&post=18888"},{"taxonomy":"post_tag","embeddable":true,"href":"https:\/\/obscom.intervozes.org.br\/index.php?rest_route=%2Fwp%2Fv2%2Ftags&post=18888"}],"curies":[{"name":"wp","href":"https:\/\/api.w.org\/{rel}","templated":true}]}}